{"id":25449,"date":"2024-12-12T07:55:00","date_gmt":"2024-12-12T10:55:00","guid":{"rendered":"https:\/\/www.semanariolocal.cl\/?p=25449"},"modified":"2024-12-12T22:55:03","modified_gmt":"2024-12-13T01:55:03","slug":"centro-de-formacion-tecnica-santo-tomas-obtiene-acreditacion-nivel-de-excelencia-por-6-anos","status":"publish","type":"post","link":"https:\/\/www.semanariolocal.cl\/?p=25449","title":{"rendered":"CFT Santo Tom\u00e1s obtiene acreditaci\u00f3n nivel de excelencia por 6 a\u00f1os"},"content":{"rendered":"\n<p><strong><mark style=\"background-color:#abb8c3\" class=\"has-inline-color has-white-color\">12 de diciembre del 2024.-<\/mark><\/strong> La Comisi\u00f3n Nacional de Acreditaci\u00f3n (CNA) otorg\u00f3 al Centro de Formaci\u00f3n T\u00e9cnica Santo Tom\u00e1s la acreditaci\u00f3n institucional en Nivel de Excelencia, por 6 a\u00f1os, en las dimensiones obligatorias de docencia y resultados del proceso formativo; gesti\u00f3n estrat\u00e9gica y recursos institucionales, y aseguramiento interno de la calidad.<\/p>\n\n\n\n<p>Asimismo, la instituci\u00f3n recibi\u00f3 por primera vez la acreditaci\u00f3n en la dimensi\u00f3n voluntaria de vinculaci\u00f3n con el medio, donde destac\u00f3 la implementaci\u00f3n de una pol\u00edtica actualizada y alineada con la Misi\u00f3n del Centro de Formaci\u00f3n T\u00e9cnica e integrada en uno de los Focos del Plan Estrat\u00e9gico Institucional 2024-2028.<\/p>\n\n\n\n<p>\u201cEste excelente resultado es un reconocimiento al trabajo responsable que hemos impulsado en el CFT para continuar posicion\u00e1ndonos como una instituci\u00f3n de excelencia en el subsistema de educaci\u00f3n superior t\u00e9cnico profesional, teniendo siempre presente nuestro prop\u00f3sito de formar personas con las competencias necesarias para transformar sus vidas e impactar positivamente en sus entornos\u201d, se\u00f1al\u00f3 el&nbsp;<strong>rector nacional del CFT Santo Tom\u00e1s, Juan Pablo Guzm\u00e1n.<\/strong><\/p>\n","protected":false},"excerpt":{"rendered":"<p>La decisi\u00f3n de la Comisi\u00f3n Nacional de Acreditaci\u00f3n (CNA) fue acordada por la unanimidad de sus integrantes e incluy\u00f3 por primera vez la dimensi\u00f3n voluntaria de vinculaci\u00f3n con el medio.<\/p>\n","protected":false},"author":1,"featured_media":25453,"comment_status":"closed","ping_status":"closed","sticky":false,"template":"","format":"standard","meta":{"footnotes":""},"categories":[3,11],"tags":[2118,77,337,273,132,113,247,133],"class_list":["post-25449","post","type-post","status-publish","format-standard","has-post-thumbnail","hentry","category-al-dia","category-educacion","tag-semanariolocal","tag-educacion","tag-informacion","tag-noticias","tag-osorno","tag-puerto-montt","tag-region-de-los-lagos","tag-semanario-local"],"_links":{"self":[{"href":"https:\/\/www.semanariolocal.cl\/index.php?rest_route=\/wp\/v2\/posts\/25449","targetHints":{"allow":["GET"]}}],"collection":[{"href":"https:\/\/www.semanariolocal.cl\/index.php?rest_route=\/wp\/v2\/posts"}],"about":[{"href":"https:\/\/www.semanariolocal.cl\/index.php?rest_route=\/wp\/v2\/types\/post"}],"author":[{"embeddable":true,"href":"https:\/\/www.semanariolocal.cl\/index.php?rest_route=\/wp\/v2\/users\/1"}],"replies":[{"embeddable":true,"href":"https:\/\/www.semanariolocal.cl\/index.php?rest_route=%2Fwp%2Fv2%2Fcomments&post=25449"}],"version-history":[{"count":5,"href":"https:\/\/www.semanariolocal.cl\/index.php?rest_route=\/wp\/v2\/posts\/25449\/revisions"}],"predecessor-version":[{"id":25457,"href":"https:\/\/www.semanariolocal.cl\/index.php?rest_route=\/wp\/v2\/posts\/25449\/revisions\/25457"}],"wp:featuredmedia":[{"embeddable":true,"href":"https:\/\/www.semanariolocal.cl\/index.php?rest_route=\/wp\/v2\/media\/25453"}],"wp:attachment":[{"href":"https:\/\/www.semanariolocal.cl\/index.php?rest_route=%2Fwp%2Fv2%2Fmedia&parent=25449"}],"wp:term":[{"taxonomy":"category","embeddable":true,"href":"https:\/\/www.semanariolocal.cl\/index.php?rest_route=%2Fwp%2Fv2%2Fcategories&post=25449"},{"taxonomy":"post_tag","embeddable":true,"href":"https:\/\/www.semanariolocal.cl\/index.php?rest_route=%2Fwp%2Fv2%2Ftags&post=25449"}],"curies":[{"name":"wp","href":"https:\/\/api.w.org\/{rel}","templated":true}]}}