{"id":25439,"date":"2024-12-12T08:00:00","date_gmt":"2024-12-12T11:00:00","guid":{"rendered":"https:\/\/www.semanariolocal.cl\/?p=25439"},"modified":"2024-12-12T19:49:02","modified_gmt":"2024-12-12T22:49:02","slug":"diputado-barria-la-ley-antiterrorista-es-necesaria-para-delitos-de-alta-connotacion-social","status":"publish","type":"post","link":"https:\/\/www.semanariolocal.cl\/?p=25439","title":{"rendered":"Diputado Barr\u00eda: \u201cLa ley antiterrorista es necesaria para delitos de alta connotaci\u00f3n social\u201d"},"content":{"rendered":"\n<p><mark style=\"background-color:#abb8c3\" class=\"has-inline-color has-white-color\">12 de diciembre del 2024.<\/mark> En un contexto de crecientes desaf\u00edos en materia de seguridad, el diputado Barr\u00eda justific\u00f3 la aprobaci\u00f3n de la ley antiterrorista, destacando su importancia para enfrentar delitos de alta connotaci\u00f3n social y garantizar mejores condiciones de seguridad para la ciudadan\u00eda.<\/p>\n\n\n\n<p><strong><em>\u201cEl pa\u00eds est\u00e1 viviendo situaciones extraordinarias, y es necesario actuar con previsi\u00f3n. Una ley antiterrorista aplicada en democracia es completamente distinta a la que se aplic\u00f3 en dictadura. Hoy contamos con un estado de derecho y tenemos que anticiparnos a posibles escenarios que no queremos que ocurran\u201d,<\/em><\/strong>&nbsp;se\u00f1al\u00f3 el parlamentario.<\/p>\n\n\n\n<p>Barr\u00eda subray\u00f3 que esta normativa no solo responde a la necesidad de prevenir actos terroristas, sino que tambi\u00e9n busca modernizar las capacidades del Estado, dotando a las polic\u00edas y al gobierno de infraestructura e instrumentos tecnol\u00f3gicos de \u00faltima generaci\u00f3n.<\/p>\n\n\n\n<p><strong><em>\u201cNo puede ser que bandas criminales o de narcotr\u00e1fico cuenten con mejores herramientas tecnol\u00f3gicas que nuestras fuerzas policiales. Esta ley apunta a equilibrar esa brecha y a preparar al pa\u00eds ante cualquier eventualidad de \u00edndole terrorista\u201d,<\/em><\/strong>&nbsp;afirm\u00f3.<\/p>\n\n\n\n<p>El legislador enfatiz\u00f3 que la aprobaci\u00f3n de la ley es una respuesta a las cr\u00edticas ciudadanas sobre la tardanza de las pol\u00edticas p\u00fablicas en abordar problemas urgentes.&nbsp;<strong><em>\u201cEs mejor estar preparados que llegar tarde. Este es un paso para fortalecer la seguridad y la confianza de la poblaci\u00f3n en las instituciones democr\u00e1ticas\u201d,<\/em><\/strong>&nbsp;concluy\u00f3.<\/p>\n\n\n\n<p>La nueva normativa busca establecer un marco legal que permita a las autoridades actuar de manera eficiente y coordinada, evitando que situaciones de inseguridad se conviertan en amenazas mayores para el pa\u00eds.<\/p>\n","protected":false},"excerpt":{"rendered":"<p>Barr\u00eda subray\u00f3 que esta normativa no solo responde a la necesidad de prevenir actos terroristas, sino que tambi\u00e9n busca modernizar las capacidades del Estado.<\/p>\n","protected":false},"author":1,"featured_media":25440,"comment_status":"closed","ping_status":"closed","sticky":false,"template":"","format":"standard","meta":{"footnotes":""},"categories":[3,2496,6],"tags":[2118,1732,337,273,247,133],"class_list":["post-25439","post","type-post","status-publish","format-standard","has-post-thumbnail","hentry","category-al-dia","category-nacional","category-politica","tag-semanariolocal","tag-diputado-hector-barria","tag-informacion","tag-noticias","tag-region-de-los-lagos","tag-semanario-local"],"_links":{"self":[{"href":"https:\/\/www.semanariolocal.cl\/index.php?rest_route=\/wp\/v2\/posts\/25439","targetHints":{"allow":["GET"]}}],"collection":[{"href":"https:\/\/www.semanariolocal.cl\/index.php?rest_route=\/wp\/v2\/posts"}],"about":[{"href":"https:\/\/www.semanariolocal.cl\/index.php?rest_route=\/wp\/v2\/types\/post"}],"author":[{"embeddable":true,"href":"https:\/\/www.semanariolocal.cl\/index.php?rest_route=\/wp\/v2\/users\/1"}],"replies":[{"embeddable":true,"href":"https:\/\/www.semanariolocal.cl\/index.php?rest_route=%2Fwp%2Fv2%2Fcomments&post=25439"}],"version-history":[{"count":1,"href":"https:\/\/www.semanariolocal.cl\/index.php?rest_route=\/wp\/v2\/posts\/25439\/revisions"}],"predecessor-version":[{"id":25441,"href":"https:\/\/www.semanariolocal.cl\/index.php?rest_route=\/wp\/v2\/posts\/25439\/revisions\/25441"}],"wp:featuredmedia":[{"embeddable":true,"href":"https:\/\/www.semanariolocal.cl\/index.php?rest_route=\/wp\/v2\/media\/25440"}],"wp:attachment":[{"href":"https:\/\/www.semanariolocal.cl\/index.php?rest_route=%2Fwp%2Fv2%2Fmedia&parent=25439"}],"wp:term":[{"taxonomy":"category","embeddable":true,"href":"https:\/\/www.semanariolocal.cl\/index.php?rest_route=%2Fwp%2Fv2%2Fcategories&post=25439"},{"taxonomy":"post_tag","embeddable":true,"href":"https:\/\/www.semanariolocal.cl\/index.php?rest_route=%2Fwp%2Fv2%2Ftags&post=25439"}],"curies":[{"name":"wp","href":"https:\/\/api.w.org\/{rel}","templated":true}]}}