{"id":25237,"date":"2024-12-05T08:10:00","date_gmt":"2024-12-05T11:10:00","guid":{"rendered":"https:\/\/www.semanariolocal.cl\/?p=25237"},"modified":"2024-12-05T18:05:41","modified_gmt":"2024-12-05T21:05:41","slug":"proyecto-del-senador-espinoza-prohibe-licencias-de-conducir-a-condenados-por-abuso-sexual","status":"publish","type":"post","link":"https:\/\/www.semanariolocal.cl\/?p=25237","title":{"rendered":"Proyecto del senador Espinoza proh\u00edbe licencias de conducir a condenados por abuso sexual"},"content":{"rendered":"\n<p><strong>05 de diciembre de 2024.- <\/strong>Durante la sesi\u00f3n en sala del mi\u00e9rcoles 4 de diciembre, el Senado aprob\u00f3 el proyecto que busca modificar la Ley de Tr\u00e1nsito, con el objetivo de declarar como inhabilidad para obtener licencias de conducir el contar con antecedentes penales por delitos de connotaci\u00f3n sexual.<\/p>\n\n\n\n<p>Este proyecto, el cual naci\u00f3 de una moci\u00f3n del senador Fidel Espinoza en conjunto a las senadoras Loreto Cravajal; Ximena \u00d3rdenes, Paulina N\u00fa\u00f1ez y Yasna Provoste, ya lleva 6 a\u00f1os en proceso de tramitaci\u00f3n, por lo que este despacho a la C\u00e1mara de Diputados significa un importante avance para que a futuro pueda convertirse en ley.<\/p>\n\n\n\n<p>Durante su intervenci\u00f3n en sala, el senador Fidel Espinoza agradeci\u00f3 \u201c<em>a la senadora \u00d3rdenes, de la Comisi\u00f3n de Transportes del Senado, al Ejecutivo; al ministro Mu\u00f1oz y \u00c1lvaro Elizalde, como Segegob. Pedirle Ministro, que <strong>ojal\u00e1 en el tr\u00e1mite en la C\u00e1mara tengamos suma urgencia, no puede ser que un proyecto tan simple demore 6 a\u00f1os desde que ocurri\u00f3 este hecho tremendo<\/strong><\/em>\u201d.<\/p>\n\n\n\n<p>Fue en 2018 cuando un conductor del sector Mirasol -que contaba con antecedentes penales por delitos de connotaci\u00f3n sexual-, abus\u00f3 sexualmente de una menor de edad en las cercan\u00edas del estadio regional Chinquihue de Puerto Montt. En este contexto, Claudia Argel, madre de la menor, se contact\u00f3 con el senador Fidel Espinoza, dando inicio a la estructuraci\u00f3n de esta moci\u00f3n a la Ley de Tr\u00e1nsito.<\/p>\n\n\n\n<p>\u201c<em>Merecemos que este proyecto salga la luz. En su momento se avanz\u00f3 en el Parlamento para que nunca m\u00e1s una persona que haya cometido delitos sexuales maneje transporte escolar, por lo tanto <strong>es un avance important\u00edsimo para Chile<\/strong>.&nbsp; El propio ministro Mu\u00f1oz, que hoy d\u00eda no pudo estar, vino a la Comisi\u00f3n de Transportes a defender esta iniciativa porque <strong>constituye un avance importante<\/strong><\/em>\u201d, expres\u00f3 el parlamentario.<\/p>\n\n\n\n<p>El senador del Partido Socialista concluy\u00f3 su intervenci\u00f3n, asegurando esperar tener \u201c<em>unanimidad en este proyecto, que es una contribuci\u00f3n a nuestro pa\u00eds. Agradezco a los miembros de la Comisi\u00f3n de Transportes del Senado por haber sacado esto adelante. Y ojal\u00e1 <strong>Ministro, por favor, dele suma urgencia a este proyecto<\/strong> para que lo tengamos ojal\u00e1 antes fin de a\u00f1o aprobado en la Comisi\u00f3n de Transportes de la C\u00e1mara de Diputados. <strong>Se lo merece no solamente Claudia y su hija, se lo merece nuestro pa\u00eds<\/strong><\/em>\u201d.<\/p>\n\n\n\n<p>El proyecto de inhabilidad para obtener licencias de conducir el contar con antecedentes penales por delitos de connotaci\u00f3n sexual, cont\u00f3 con <strong>29 votos a favor<\/strong>, <strong>0 en contra<\/strong> y <strong>0 abstenciones<\/strong>, pasando de esta forma a su <strong>segundo tr\u00e1mite constitucional<\/strong> siendo <strong>despachado a la Honorable C\u00e1mara de Diputadas y Diputados<\/strong>.<\/p>\n\n\n\n<p><\/p>\n","protected":false},"excerpt":{"rendered":"<p>De esta manera, el proyecto de ley, que cont\u00f3 con 29 votos a favor, 0 en contra y 0 abstenciones, pas\u00f3 a su segundo tr\u00e1mite constitucional siendo despachado a la Honorable C\u00e1mara de Diputadas y Diputados.<\/p>\n","protected":false},"author":1,"featured_media":25261,"comment_status":"closed","ping_status":"closed","sticky":false,"template":"","format":"standard","meta":{"footnotes":""},"categories":[3,6],"tags":[2118,337,273,247,133,702],"class_list":["post-25237","post","type-post","status-publish","format-standard","has-post-thumbnail","hentry","category-al-dia","category-politica","tag-semanariolocal","tag-informacion","tag-noticias","tag-region-de-los-lagos","tag-semanario-local","tag-senador-fidel-espinoza"],"_links":{"self":[{"href":"https:\/\/www.semanariolocal.cl\/index.php?rest_route=\/wp\/v2\/posts\/25237","targetHints":{"allow":["GET"]}}],"collection":[{"href":"https:\/\/www.semanariolocal.cl\/index.php?rest_route=\/wp\/v2\/posts"}],"about":[{"href":"https:\/\/www.semanariolocal.cl\/index.php?rest_route=\/wp\/v2\/types\/post"}],"author":[{"embeddable":true,"href":"https:\/\/www.semanariolocal.cl\/index.php?rest_route=\/wp\/v2\/users\/1"}],"replies":[{"embeddable":true,"href":"https:\/\/www.semanariolocal.cl\/index.php?rest_route=%2Fwp%2Fv2%2Fcomments&post=25237"}],"version-history":[{"count":1,"href":"https:\/\/www.semanariolocal.cl\/index.php?rest_route=\/wp\/v2\/posts\/25237\/revisions"}],"predecessor-version":[{"id":25239,"href":"https:\/\/www.semanariolocal.cl\/index.php?rest_route=\/wp\/v2\/posts\/25237\/revisions\/25239"}],"wp:featuredmedia":[{"embeddable":true,"href":"https:\/\/www.semanariolocal.cl\/index.php?rest_route=\/wp\/v2\/media\/25261"}],"wp:attachment":[{"href":"https:\/\/www.semanariolocal.cl\/index.php?rest_route=%2Fwp%2Fv2%2Fmedia&parent=25237"}],"wp:term":[{"taxonomy":"category","embeddable":true,"href":"https:\/\/www.semanariolocal.cl\/index.php?rest_route=%2Fwp%2Fv2%2Fcategories&post=25237"},{"taxonomy":"post_tag","embeddable":true,"href":"https:\/\/www.semanariolocal.cl\/index.php?rest_route=%2Fwp%2Fv2%2Ftags&post=25237"}],"curies":[{"name":"wp","href":"https:\/\/api.w.org\/{rel}","templated":true}]}}