{"id":25228,"date":"2024-12-04T09:37:00","date_gmt":"2024-12-04T12:37:00","guid":{"rendered":"https:\/\/www.semanariolocal.cl\/?p=25228"},"modified":"2024-12-05T14:18:16","modified_gmt":"2024-12-05T17:18:16","slug":"recien-estamos-en-el-proceso-de-construir-una-cultura-inclusiva","status":"publish","type":"post","link":"https:\/\/www.semanariolocal.cl\/?p=25228","title":{"rendered":"Reci\u00e9n estamos en el proceso de construir una cultura inclusiva"},"content":{"rendered":"\n<p><strong>04 de diciembre del 2024.<\/strong> Al conmemorarse un a\u00f1o m\u00e1s del D\u00eda Internacional por los Derechos de las Personas con Discapacidad, es importante recordar el camino, analizar los desaf\u00edos y concretar compromisos. Al buscar una definici\u00f3n de inclusi\u00f3n,\u00a0 podemos encontrar muchas que se sit\u00faan en un colectivo, un grupo determinado o una necesidad en particular; pero en estricto rigor, la inclusi\u00f3n implica el proceso y paradigma que en sus acciones asegura la participaci\u00f3n y goce de derechos de todos y todas sin excepci\u00f3n, por tanto, la inclusi\u00f3n no es \u201ccosa de algunos\u201d, no es tema de determinados sectores, ni debe ser preocupaci\u00f3n exclusiva de familiares, amigos o profesionales vinculados a personas en situaci\u00f3n de discapacidad o condici\u00f3n alguna. La inclusi\u00f3n nos compromete, invita, desaf\u00eda y enriquece a todos y todas.<\/p>\n\n\n\n<p>En este d\u00eda, reconocemos la lucha hist\u00f3rica de personas con discapacidad, los caminos que permitieron la promulgaci\u00f3n de nuevas normativas, la revisi\u00f3n de las mismas y actualizaciones constantes; tambi\u00e9n es momento de recordar los compromisos nacionales como la ratificaci\u00f3n de la Convenci\u00f3n Internacional de los Derechos de las personas con discapacidad en el 2008 o la participaci\u00f3n nacional en distintos foros, convenciones y encuentros por la inclusi\u00f3n.<\/p>\n\n\n\n<p>Si analizamos el contexto nacional, tenemos pol\u00edticas inclusivas como respuesta a normativas internacionales, tambi\u00e9n hay evidencia de algunas pr\u00e1cticas inclusivas focalizadas en educaci\u00f3n o trabajo, pr\u00e1cticas que siguen comparti\u00e9ndose como buenas y excepcionales cada vez que son documentadas; pero estamos a\u00fan en proceso de la construcci\u00f3n de una cultura inclusiva y es este \u00faltimo punto la base para la concreci\u00f3n de la participaci\u00f3n y goce de derechos de todos y todas;&nbsp; una cultura que entiende que la diversidad nos constituye y nos enriquece;&nbsp; una cultura que da espacio al di\u00e1logo, las oportunidades y no discrimina por condici\u00f3n alguna, una cultura que no menosprecia, no minimiza ni valida como \u00fanica la versi\u00f3n de la mayor\u00eda o el modelo homogeneizante en que hemos sido educados y educadas .<\/p>\n\n\n\n<p>El desaf\u00edo est\u00e1 en cumplir las normativas, no situar su cumplimiento como un acto de voluntades o de buena fe, si no en el actuar correcto de una comunidad que reconoce, respecta, valora y considera la diversidad y como ello da respuesta a espacios de participaci\u00f3n y goce de derechos en educaci\u00f3n, trabajo, deporte, ocio, familia, amor, es decir, en la vida. Porque ya basta de romantizar el esfuerzo o el madrugar como sin\u00f3nimo de logro de metas, hoy tenemos a muchos y muchas esperando reales oportunidades para participar, desarrollarse y vivir en condiciones de dignidad. La inclusi\u00f3n es un proceso din\u00e1mico que no debe situarse s\u00f3lo en la escuela o en algunos puestos de trabajo, la inclusi\u00f3n asegura el goce de los derechos y el discurso en primera persona; s\u00f3lo as\u00ed podremos decir que somos un pa\u00eds inclusivo, porque la inclusi\u00f3n es m\u00e1s que solidaridad, inclusi\u00f3n es compromiso, acciones, cambios, oportunidades y dignidad, sobre todo dignidad. <\/p>\n\n\n\n<p><strong>Sandra Urra \u00c1guila &#8211; Acad\u00e9mica Escuela de Educaci\u00f3n &#8211; Universidad Andr\u00e9s Bello sede Concepci\u00f3n<\/strong><\/p>\n\n\n\n<p><\/p>\n","protected":false},"excerpt":{"rendered":"<p>Hoy tenemos pol\u00edticas inclusivas como respuesta a normativas internacionales pero estamos a\u00fan en proceso de la construcci\u00f3n de una cultura inclusiva<\/p>\n","protected":false},"author":1,"featured_media":25229,"comment_status":"closed","ping_status":"closed","sticky":false,"template":"","format":"standard","meta":{"footnotes":""},"categories":[3,11,7],"tags":[2118,337,273,247,133,1822],"class_list":["post-25228","post","type-post","status-publish","format-standard","has-post-thumbnail","hentry","category-al-dia","category-educacion","category-opinion","tag-semanariolocal","tag-informacion","tag-noticias","tag-region-de-los-lagos","tag-semanario-local","tag-universidad-andres-bello"],"_links":{"self":[{"href":"https:\/\/www.semanariolocal.cl\/index.php?rest_route=\/wp\/v2\/posts\/25228","targetHints":{"allow":["GET"]}}],"collection":[{"href":"https:\/\/www.semanariolocal.cl\/index.php?rest_route=\/wp\/v2\/posts"}],"about":[{"href":"https:\/\/www.semanariolocal.cl\/index.php?rest_route=\/wp\/v2\/types\/post"}],"author":[{"embeddable":true,"href":"https:\/\/www.semanariolocal.cl\/index.php?rest_route=\/wp\/v2\/users\/1"}],"replies":[{"embeddable":true,"href":"https:\/\/www.semanariolocal.cl\/index.php?rest_route=%2Fwp%2Fv2%2Fcomments&post=25228"}],"version-history":[{"count":2,"href":"https:\/\/www.semanariolocal.cl\/index.php?rest_route=\/wp\/v2\/posts\/25228\/revisions"}],"predecessor-version":[{"id":25232,"href":"https:\/\/www.semanariolocal.cl\/index.php?rest_route=\/wp\/v2\/posts\/25228\/revisions\/25232"}],"wp:featuredmedia":[{"embeddable":true,"href":"https:\/\/www.semanariolocal.cl\/index.php?rest_route=\/wp\/v2\/media\/25229"}],"wp:attachment":[{"href":"https:\/\/www.semanariolocal.cl\/index.php?rest_route=%2Fwp%2Fv2%2Fmedia&parent=25228"}],"wp:term":[{"taxonomy":"category","embeddable":true,"href":"https:\/\/www.semanariolocal.cl\/index.php?rest_route=%2Fwp%2Fv2%2Fcategories&post=25228"},{"taxonomy":"post_tag","embeddable":true,"href":"https:\/\/www.semanariolocal.cl\/index.php?rest_route=%2Fwp%2Fv2%2Ftags&post=25228"}],"curies":[{"name":"wp","href":"https:\/\/api.w.org\/{rel}","templated":true}]}}