{"id":25224,"date":"2024-12-04T10:00:00","date_gmt":"2024-12-04T13:00:00","guid":{"rendered":"https:\/\/www.semanariolocal.cl\/?p=25224"},"modified":"2024-12-05T13:30:10","modified_gmt":"2024-12-05T16:30:10","slug":"avance-silencioso-de-los-tca","status":"publish","type":"post","link":"https:\/\/www.semanariolocal.cl\/?p=25224","title":{"rendered":"Avance silencioso de los TCA"},"content":{"rendered":"\n<p><strong>04 de diciembre del 2024.<\/strong> Hablar de Trastornos de la Conducta Alimentaria (TCA) usualmente est\u00e1 relacionado a la poblaci\u00f3n femenina en etapa adolescente, no obstante, debemos comprender que esta problem\u00e1tica es transversal a edades, g\u00e9nero o sexo. Los TCA son descritos como una patolog\u00eda psiqui\u00e1trica que altera el comportamiento alimentario, manifest\u00e1ndose de diferentes maneras dependiendo del diagn\u00f3stico, en general se caracterizan por temor a la ganancia de peso y eso lleva a mecanismos poco equilibrados para mantener o disminuir el peso, tales como ayunos prolongados, uso de medicamentos sin prescripci\u00f3n m\u00e9dica, ejercicio excesivo, inducir el v\u00f3mito, etc\u00e9tera.<\/p>\n\n\n\n<p>Las consecuencias de los TCA involucran alteraci\u00f3n de la salud f\u00edsica, entorno social, familiar, educativo, entre otros, no obstante, el tratamiento y seguimiento es fundamental para evitar complicaciones mayores o mortalidad asociada. En este sentido, el aumento de casos en etapa adulta nos habla de la mayor presencia de factores de riesgo, sobre todo la valoraci\u00f3n del aspecto f\u00edsico que socialmente construimos, asociando las posibilidades de \u00e9xito profesional y personal al peso corporal, relacionar la felicidad o el afecto como dependientes del peso corporal, entre otras creencias.<\/p>\n\n\n\n<p><strong>Rol de la sociedad actual:<\/strong><\/p>\n\n\n\n<p>Al analizar nuestro entorno podemos darnos cuenta de varias caracter\u00edsticas de la sociedad actual que podemos vincular a este aumento de TCA en poblaci\u00f3n adulta, principalmente estar en un entorno que valida conductas de riesgo para alcanzar el \u201cpeso ideal\u201d, por ejemplo recurrir a dietas de moda, que carecen de evidencia, altamente restrictivas y que por lo general se traducen en un aumento de la ingesta de alimentos por la restricci\u00f3n asociada, lo que genera mayor frustraci\u00f3n por no conseguir la baja de peso que buscan. Por otro lado, y muy importante, es la masificaci\u00f3n de las redes sociales, desbordadas de cr\u00edticas que apuntan a lograr el \u201ccuerpo perfecto\u201d como algo necesario para ser aceptado en contextos educativos o laborales, contenido que impone desaf\u00edos para la p\u00e9rdida de peso de manera abrupta y lejos de considerarse como algo saludable. Estos aspectos pueden generar distorsi\u00f3n o alteraci\u00f3n en la percepci\u00f3n de la imagen corporal, de esta manera fomentar conductas de riesgo para disminuir a\u00fan m\u00e1s el peso corporal.<\/p>\n\n\n\n<p><strong>\u00bfQu\u00e9 hacer?<\/strong><\/p>\n\n\n\n<p>Estar consiente de lo que generamos en los dem\u00e1s debe guiar nuestro actuar diario, evitar referirnos a las personas por su aspecto o condici\u00f3n f\u00edsica y potenciar estados de bienestar, adem\u00e1s de transmitir a los ni\u00f1os y adolescentes conductas saludables y de respeto al cuerpo, aceptando todas las formas en las personas con las que convivimos d\u00eda a d\u00eda, manteniendo un uso responsable de las redes sociales y otros medios de comunicaci\u00f3n.<\/p>\n\n\n\n<p><strong>Estefan\u00eda Neumann Fuentealba, jefa de carrera de Nutrici\u00f3n y Diet\u00e9tica de la Universidad Santo Tom\u00e1s Puerto Montt.<\/strong><\/p>\n","protected":false},"excerpt":{"rendered":"<p> Debemos evitar referirnos a las personas por su aspecto o condici\u00f3n f\u00edsica y potenciar estados de bienestar.<\/p>\n","protected":false},"author":1,"featured_media":25225,"comment_status":"closed","ping_status":"closed","sticky":false,"template":"","format":"standard","meta":{"footnotes":""},"categories":[3,11,2484],"tags":[2118,337,273,247,3503,133],"class_list":["post-25224","post","type-post","status-publish","format-standard","has-post-thumbnail","hentry","category-al-dia","category-educacion","category-salud","tag-semanariolocal","tag-informacion","tag-noticias","tag-region-de-los-lagos","tag-santo-tomas-puerto-montt","tag-semanario-local"],"_links":{"self":[{"href":"https:\/\/www.semanariolocal.cl\/index.php?rest_route=\/wp\/v2\/posts\/25224","targetHints":{"allow":["GET"]}}],"collection":[{"href":"https:\/\/www.semanariolocal.cl\/index.php?rest_route=\/wp\/v2\/posts"}],"about":[{"href":"https:\/\/www.semanariolocal.cl\/index.php?rest_route=\/wp\/v2\/types\/post"}],"author":[{"embeddable":true,"href":"https:\/\/www.semanariolocal.cl\/index.php?rest_route=\/wp\/v2\/users\/1"}],"replies":[{"embeddable":true,"href":"https:\/\/www.semanariolocal.cl\/index.php?rest_route=%2Fwp%2Fv2%2Fcomments&post=25224"}],"version-history":[{"count":2,"href":"https:\/\/www.semanariolocal.cl\/index.php?rest_route=\/wp\/v2\/posts\/25224\/revisions"}],"predecessor-version":[{"id":25227,"href":"https:\/\/www.semanariolocal.cl\/index.php?rest_route=\/wp\/v2\/posts\/25224\/revisions\/25227"}],"wp:featuredmedia":[{"embeddable":true,"href":"https:\/\/www.semanariolocal.cl\/index.php?rest_route=\/wp\/v2\/media\/25225"}],"wp:attachment":[{"href":"https:\/\/www.semanariolocal.cl\/index.php?rest_route=%2Fwp%2Fv2%2Fmedia&parent=25224"}],"wp:term":[{"taxonomy":"category","embeddable":true,"href":"https:\/\/www.semanariolocal.cl\/index.php?rest_route=%2Fwp%2Fv2%2Fcategories&post=25224"},{"taxonomy":"post_tag","embeddable":true,"href":"https:\/\/www.semanariolocal.cl\/index.php?rest_route=%2Fwp%2Fv2%2Ftags&post=25224"}],"curies":[{"name":"wp","href":"https:\/\/api.w.org\/{rel}","templated":true}]}}