{"id":25186,"date":"2024-12-03T14:52:00","date_gmt":"2024-12-03T17:52:00","guid":{"rendered":"https:\/\/www.semanariolocal.cl\/?p=25186"},"modified":"2024-12-03T14:55:39","modified_gmt":"2024-12-03T17:55:39","slug":"sernapesca-abre-un-nuevo-periodo-de-postulacion-para-obtener-el-sello-azul","status":"publish","type":"post","link":"https:\/\/www.semanariolocal.cl\/?p=25186","title":{"rendered":"Sernapesca abre un nuevo per\u00edodo de postulaci\u00f3n para obtener el Sello Azul"},"content":{"rendered":"\n<p><strong>03 de diciembre del 2024.- <\/strong>Como cada a\u00f1o, entre el 1 y el 31 de diciembre el Servicio Nacional de Pesca y Acuicultura (Sernapesca) abre una nuevo etapa de postulaci\u00f3n para que los establecimientos comercializadores de productos y recursos del mar puedan incorporarse al Programa de Consumo Responsable \u201cSello Azul\u201d en 2025. La finalidad de \u00e9ste es entregar una acreditaci\u00f3n a los locales que se comprometen con la sustentabilidad cumpliendo la normativa pesquera y acu\u00edcola, ya que de esta forma se asegura a los consumidores que los recursos y productos del mar que comercializan tienen un origen legal.<\/p>\n\n\n\n<p>\u201cEl Sello Azul, esta acreditaci\u00f3n que entregamos a los establecimientos que venden recursos del mar, ayuda a los consumidores a distinguir y elegir a aquellos locales que cumplen con la normativa pesquera, que entran en nuestro sistema de trazabilidad de los recursos que registra sus fuentes de abastecimiento y acredita las autorizaciones que otorgan distintas entidades\u201d, manifest\u00f3 Soledad Tapia Almonacid, Directora Nacional de Sernapesca.<\/p>\n\n\n\n<p>La autoridad agreg\u00f3 que \u201ces por esto que invitamos a todos quienes comercializan productos y recursos del mar a sumarse a esta iniciativa y obtener este sello, que le permite a la ciudadan\u00eda saber con facilidad que el establecimiento donde compra o consume productos del mar est\u00e1 comprometido con la sustentabilidad de nuestros recursos\u201d.<\/p>\n\n\n\n<p>En todo el pa\u00eds hay 138 establecimientos que cuentan con el Sello Azul vigente. \u00bfQui\u00e9nes pueden postular a este programa? Pueden hacerlo las personas naturales y jur\u00eddicas que comercializan recursos hidrobiol\u00f3gicos o productos del mar de elaboraci\u00f3n propia, que est\u00e9n registradas en la n\u00f3mina de Comercializadores de Sernapesca, o aquellos que cumplan las condiciones y requisitos para su ingreso.<\/p>\n\n\n\n<p>Dichos requisitos son:&nbsp;<\/p>\n\n\n\n<ul class=\"wp-block-list\">\n<li>Tener iniciaci\u00f3n de actividades ante el Servicio de Impuestos Internos.<\/li>\n\n\n\n<li>Contar con las autorizaciones sanitarias y municipales respectivas.<\/li>\n\n\n\n<li>Tener un a\u00f1o de vigencia en la actividad.<\/li>\n\n\n\n<li>No haber sido sancionado en los tres a\u00f1os anteriores a la postulaci\u00f3n por infracciones a la normativa pesquera y acu\u00edcola, entre otras.<\/li>\n<\/ul>\n\n\n\n<p>La postulaci\u00f3n se puede realizar a trav\u00e9s de la p\u00e1gina web de Sernapesca, haciendo click en el banner \u201cSello Azul\u201d o en este link (<a href=\"https:\/\/www.sernapesca.cl\/programas\/programa-de-consumo-responsable-sello-azul\" target=\"_blank\" rel=\"noreferrer noopener\">https:\/\/www.sernapesca.cl\/programas\/programa-de-consumo-responsable-sello-azul<\/a>), llenando el formulario que se encuentra dispuesto para ello y presentando la documentaci\u00f3n correspondiente. Quienes obtengan la certificaci\u00f3n, luego de un an\u00e1lisis de los antecedentes presentados, tendr\u00e1n un sello foliado visible al p\u00fablico, el que da cuenta que se est\u00e1 velando por dar seguridad a la comunidad en torno al origen legal de los recursos y productos del mar. Adem\u00e1s, formar\u00e1n parte del registro disponible en la p\u00e1gina web del Servicio Nacional de Pesca y Acuicultura y del mapa de locales con Sello Azul.<\/p>\n\n\n\n<p>La invitaci\u00f3n es a los establecimientos a postular y no perder la oportunidad de unirse al selecto grupo de establecimientos que se han incorporado al Programa Sello Azul, demostrando su compromiso con la pesca responsable.<\/p>\n","protected":false},"excerpt":{"rendered":"<p>El Sello Azul es una acreditaci\u00f3n que se entrega a los establecimientos que comercializan productos del mar garantizando el cumplimiento de toda normativa de protecci\u00f3n al consumidor.<\/p>\n","protected":false},"author":1,"featured_media":25188,"comment_status":"closed","ping_status":"closed","sticky":false,"template":"","format":"standard","meta":{"footnotes":""},"categories":[3,2493,3219,2483],"tags":[337,273,247,133,733],"class_list":["post-25186","post","type-post","status-publish","format-standard","has-post-thumbnail","hentry","category-al-dia","category-pesca","category-recursos-maritimos","category-region","tag-informacion","tag-noticias","tag-region-de-los-lagos","tag-semanario-local","tag-sernapesca"],"_links":{"self":[{"href":"https:\/\/www.semanariolocal.cl\/index.php?rest_route=\/wp\/v2\/posts\/25186","targetHints":{"allow":["GET"]}}],"collection":[{"href":"https:\/\/www.semanariolocal.cl\/index.php?rest_route=\/wp\/v2\/posts"}],"about":[{"href":"https:\/\/www.semanariolocal.cl\/index.php?rest_route=\/wp\/v2\/types\/post"}],"author":[{"embeddable":true,"href":"https:\/\/www.semanariolocal.cl\/index.php?rest_route=\/wp\/v2\/users\/1"}],"replies":[{"embeddable":true,"href":"https:\/\/www.semanariolocal.cl\/index.php?rest_route=%2Fwp%2Fv2%2Fcomments&post=25186"}],"version-history":[{"count":1,"href":"https:\/\/www.semanariolocal.cl\/index.php?rest_route=\/wp\/v2\/posts\/25186\/revisions"}],"predecessor-version":[{"id":25187,"href":"https:\/\/www.semanariolocal.cl\/index.php?rest_route=\/wp\/v2\/posts\/25186\/revisions\/25187"}],"wp:featuredmedia":[{"embeddable":true,"href":"https:\/\/www.semanariolocal.cl\/index.php?rest_route=\/wp\/v2\/media\/25188"}],"wp:attachment":[{"href":"https:\/\/www.semanariolocal.cl\/index.php?rest_route=%2Fwp%2Fv2%2Fmedia&parent=25186"}],"wp:term":[{"taxonomy":"category","embeddable":true,"href":"https:\/\/www.semanariolocal.cl\/index.php?rest_route=%2Fwp%2Fv2%2Fcategories&post=25186"},{"taxonomy":"post_tag","embeddable":true,"href":"https:\/\/www.semanariolocal.cl\/index.php?rest_route=%2Fwp%2Fv2%2Ftags&post=25186"}],"curies":[{"name":"wp","href":"https:\/\/api.w.org\/{rel}","templated":true}]}}