{"id":25142,"date":"2024-12-02T21:08:33","date_gmt":"2024-12-03T00:08:33","guid":{"rendered":"https:\/\/www.semanariolocal.cl\/?p=25142"},"modified":"2024-12-02T21:12:17","modified_gmt":"2024-12-03T00:12:17","slug":"a-mas-de-la-mitad-de-los-chilenos-se-le-hace-dificil-administrar-sus-finanzas","status":"publish","type":"post","link":"https:\/\/www.semanariolocal.cl\/?p=25142","title":{"rendered":"A m\u00e1s de la mitad de los chilenos se le hace dif\u00edcil administrar sus finanzas"},"content":{"rendered":"\n<p><strong>02 de diciembre del 2024.- <\/strong>Un 71% de los chilenos cree que la tasa de inflaci\u00f3n, o sea cu\u00e1nto suben los precios, aumentar\u00e1 durante el pr\u00f3ximo a\u00f1o. Esto nos ubica como el octavo pa\u00eds que m\u00e1s cree que subir\u00e1 el costo de vida y 6 puntos porcentuales sobre el promedio global (65%). Respecto del tiempo estimado que pasar\u00e1 para que las alzas de precio vuelvan a la normalidad, la mayor\u00eda cree que falta m\u00e1s de un a\u00f1o (41%), o que nunca (15%) se va a recuperar la estabilidad.<\/p>\n\n\n\n<p>En cuanto a las repercusiones del escenario inflacionario, uno de cada cinco encuestados chilenos (20%) cree que disminuir\u00e1 su est\u00e1ndar de vida durante el pr\u00f3ximo a\u00f1o; este es el porcentaje m\u00e1s bajo registrado por Chile en esta pregunta de las cinco ediciones en las que ha sido incluido.<\/p>\n\n\n\n<p>Al ser consultados por las expectativas de gastos en el hogar de cara a los pr\u00f3ximos seis meses, los \u00edtems donde los chilenos estiman que habr\u00e1 m\u00e1s aumentos ser\u00e1n en servicios b\u00e1sicos como gas o electricidad (77%), los combustibles (72%), las compras de alimentos (71%), y otras compras dom\u00e9sticas (69%).<\/p>\n\n\n\n<p>Nicol\u00e1s Fritis, CEO de Ipsos en Chile, comenta que \u201c<em>aunque la inflaci\u00f3n ha disminuido, el aumento sostenido de precios en a\u00f1os anteriores sigue afectando el costo de vida en Chile. La gente recuerda los precios antes de la crisis inflacionaria, lo que intensifica su percepci\u00f3n de los costos actuales. Adem\u00e1s, el tipo de cambio alto y el incremento de los precios de la energ\u00eda contribuyen a esta sensibilidad de los ciudadanos. Aunque la percepci\u00f3n de una reaceleraci\u00f3n de la inflaci\u00f3n es en gran parte subjetiva y no refleja completamente los datos oficiales, afecta el comportamiento de los consumidores y requiere atenci\u00f3n del gobierno y el Banco Central para restaurar la confianza econ\u00f3mica<\/em>\u201d.<\/p>\n\n\n\n<p>.<\/p>\n\n\n\n<p>De los encuestados por Ipsos a nivel global, el 70% culpa a la econom\u00eda mundial de la inflaci\u00f3n, el 69% a las pol\u00edticas del gobierno de su pa\u00eds y un 66% al nivel de las tasas de inter\u00e9s. Chile sigue una tendencia similar con un 69%, 62% y 67% respectivamente. Sumado a eso, nuestro pa\u00eds es el octavo con mayor tasa de personas que culpa a la inmigraci\u00f3n, con un 62%.<\/p>\n\n\n\n<p><strong><u>Realidad de costos vs. Percepci\u00f3n de costos<\/u><\/strong><\/p>\n\n\n\n<p>El estudio de Ipsos mostr\u00f3 que, respecto a la situaci\u00f3n financiera personal, un 7% de los chilenos dice vivir c\u00f3modamente, un 13% estima que le va bien, un 26% que tiene lo suficiente, un 36% que se le hace algo dif\u00edcil y un 16% que se le hace muy dif\u00edcil.<\/p>\n\n\n\n<p>Es decir, a m\u00e1s de la mitad de los encuestados del pa\u00eds (52%) se les hace dif\u00edcil administrar sus finanzas. Adem\u00e1s, Chile tiene el cuarto porcentaje m\u00e1s bajo de encuestados que se\u00f1alan que les va bien o viven c\u00f3modamente (20%) entre los 32 pa\u00edses medidos, s\u00f3lo supera a Per\u00fa (19%), Argentina (18%) y Turqu\u00eda (17%).<\/p>\n\n\n\n<p>Esta edici\u00f3n del estudio incluy\u00f3 por primera vez la percepci\u00f3n de los ciudadanos sobre su situaci\u00f3n financiera en comparaci\u00f3n con antes de la pandemia de Covid-19. Un 42% de los encuestados de Chile se\u00f1ala que est\u00e1n peor ahora que antes de la pandemia, el 30% dice estar mejor y uno de cada cuatro (24%) ni mejor ni peor. Por otro lado, casi dos de cada tres (35%) de los encuestados del pa\u00eds cree que la econom\u00eda de Chile est\u00e1 en recesi\u00f3n, un 37% no sabe y el 28% piensa que no.<\/p>\n\n\n\n<p>Estos resultados ubican a Chile como el \u00fanico pa\u00eds de la regi\u00f3n en que son m\u00e1s las personas que sienten que su situaci\u00f3n es peor que antes de la pandemia, a pesar de que la econom\u00eda de su pa\u00eds est\u00e1 bien; situaci\u00f3n similar a la que viven pa\u00edses desarrollados como Estados Unidos, Canad\u00e1, Gran Breta\u00f1a, Francia e Italia. En Argentina y Per\u00fa la percepci\u00f3n de m\u00e1s ciudadanos es que su situaci\u00f3n no est\u00e1 mejor y la econom\u00eda de su pa\u00eds tampoco. Por el contrario, en Brasil, Colombia y M\u00e9xico la percepci\u00f3n predominante es que est\u00e1n mejor que antes de la pandemia y las finanzas de sus naciones est\u00e1n en un buen pie.<\/p>\n\n\n\n<p>\u201c<em>Existe un pesimismo generalizado en las expectativas inflacionarias futuras entre los chilenos, lo que influye en su percepci\u00f3n y comportamiento. La baja confianza como consumidores se traduce en decisiones financieras m\u00e1s cautelosas. Con restricciones presupuestarias, precios y tasas de inter\u00e9s altas, administrar el dinero se vuelve m\u00e1s desafiante. M\u00e1s personas enfrentan dificultades para llegar a fin de mes, conscientes de que endeudarse es caro y que las expectativas de aumentos en sus ingresos futuros no son altas, dada la situaci\u00f3n del empleo en el pa\u00eds<\/em>\u201d, analiza Nicol\u00e1s Fritis, CEO de Ipsos en Chile.<\/p>\n\n\n\n<p><strong><u>La b\u00fasqueda del crecimiento<\/u><\/strong>&nbsp;<\/p>\n\n\n\n<p>Los encuestados nacionales reflejan posturas divididas respecto al rol del Estado y los impuestos: Solo el 26% prefiere aumentar el gasto en servicios p\u00fablicos, incluso si eso implica pagar m\u00e1s impuestos personalmente; mientras que un 35% opta por reducir los impuestos que paga, aunque ello signifique gastar menos en servicios p\u00fablicos (Un 22% declara no inclinarse por ninguna de las dos opciones).<\/p>\n\n\n\n<p>Es decir, hay una diferencia de 9 puntos porcentuales a favor de rebajar los impuestos; la m\u00e1s baja entre los pa\u00edses de Am\u00e9rica Latina, los cuales todos prefieren una rebaja de impuestos en vez de aumentar el gasto p\u00fablico, al igual que en Chile.<\/p>\n\n\n\n<p>De cara al pr\u00f3ximo a\u00f1o, en Chile un 60% cree que aumentar\u00e1n los impuestos que paga, misma cifra sobre las personas desempleadas y porcentaje similar respecto a las tasas de inter\u00e9s, donde un 66% piensa que subir\u00e1n. En esta pregunta los chilenos registran la cuarta expectativa m\u00e1s alta entre los pa\u00edses medidos y la mayor en nuestra regi\u00f3n. De hecho, el promedio de Am\u00e9rica Latina (61%) supera ampliamente a las dem\u00e1s regiones, ya que le sigue Asia Pac\u00edfico con 50%, luego Europa (50%) y Am\u00e9rica del Norte (41%).<\/p>\n","protected":false},"excerpt":{"rendered":"<p>La \u00faltima edici\u00f3n del estudio \u201cMonitor Ipsos del Costo de Vida\u201d mostr\u00f3 adem\u00e1s que hay una alta expectativa de los chilenos a que suban los precios durante el pr\u00f3ximo a\u00f1o en combustibles, servicios b\u00e1sicos y alimentos.<\/p>\n","protected":false},"author":1,"featured_media":25143,"comment_status":"closed","ping_status":"closed","sticky":false,"template":"","format":"standard","meta":{"footnotes":""},"categories":[3,2889,12,2541],"tags":[2118,3604,3665,337,273,247,133],"class_list":["post-25142","post","type-post","status-publish","format-standard","has-post-thumbnail","hentry","category-al-dia","category-analisis","category-economia","category-investigacion","tag-semanariolocal","tag-encuestas","tag-finanzas","tag-informacion","tag-noticias","tag-region-de-los-lagos","tag-semanario-local"],"_links":{"self":[{"href":"https:\/\/www.semanariolocal.cl\/index.php?rest_route=\/wp\/v2\/posts\/25142","targetHints":{"allow":["GET"]}}],"collection":[{"href":"https:\/\/www.semanariolocal.cl\/index.php?rest_route=\/wp\/v2\/posts"}],"about":[{"href":"https:\/\/www.semanariolocal.cl\/index.php?rest_route=\/wp\/v2\/types\/post"}],"author":[{"embeddable":true,"href":"https:\/\/www.semanariolocal.cl\/index.php?rest_route=\/wp\/v2\/users\/1"}],"replies":[{"embeddable":true,"href":"https:\/\/www.semanariolocal.cl\/index.php?rest_route=%2Fwp%2Fv2%2Fcomments&post=25142"}],"version-history":[{"count":2,"href":"https:\/\/www.semanariolocal.cl\/index.php?rest_route=\/wp\/v2\/posts\/25142\/revisions"}],"predecessor-version":[{"id":25146,"href":"https:\/\/www.semanariolocal.cl\/index.php?rest_route=\/wp\/v2\/posts\/25142\/revisions\/25146"}],"wp:featuredmedia":[{"embeddable":true,"href":"https:\/\/www.semanariolocal.cl\/index.php?rest_route=\/wp\/v2\/media\/25143"}],"wp:attachment":[{"href":"https:\/\/www.semanariolocal.cl\/index.php?rest_route=%2Fwp%2Fv2%2Fmedia&parent=25142"}],"wp:term":[{"taxonomy":"category","embeddable":true,"href":"https:\/\/www.semanariolocal.cl\/index.php?rest_route=%2Fwp%2Fv2%2Fcategories&post=25142"},{"taxonomy":"post_tag","embeddable":true,"href":"https:\/\/www.semanariolocal.cl\/index.php?rest_route=%2Fwp%2Fv2%2Ftags&post=25142"}],"curies":[{"name":"wp","href":"https:\/\/api.w.org\/{rel}","templated":true}]}}