{"id":25136,"date":"2024-12-02T20:57:22","date_gmt":"2024-12-02T23:57:22","guid":{"rendered":"https:\/\/www.semanariolocal.cl\/?p=25136"},"modified":"2024-12-02T21:13:14","modified_gmt":"2024-12-03T00:13:14","slug":"celebran-115-aniversario-de-la-escuela-pudeto-de-ancud","status":"publish","type":"post","link":"https:\/\/www.semanariolocal.cl\/?p=25136","title":{"rendered":"Celebran 115\u00b0 Aniversario de la Escuela Pudeto de Ancud"},"content":{"rendered":"\n<p><strong>02 de diciembre del 2024.- <\/strong>Este mi\u00e9rcoles 4 de diciembre, la Escuela Pudeto conmemorar\u00e1 su 115\u00b0 aniversario con una velada art\u00edstica inolvidable, que reflejar\u00e1 el profundo compromiso de la instituci\u00f3n con la cultura y la comunidad. Este evento cuenta con el destacado respaldo de la Fundaci\u00f3n Cultural Tierra de Gaviotas, marcando un momento clave en su colaboraci\u00f3n, formalizada a trav\u00e9s de un convenio firmado en mayo de este a\u00f1o.<\/p>\n\n\n\n<p>El director de la Escuela Pudeto, Marcos \u00d1ancum\u00e1n Huichaquel\u00e9n, destac\u00f3 la relevancia de esta alianza, <em>\u00abEstamos celebrando un aniversario especial, y gracias al convenio con Tierra de Gaviotas, hemos logrado elevar nuestra celebraci\u00f3n a un nivel sin precedentes. Ellos han aportado mano de obra, ideas y creatividad para un montaje visual \u00fanico, inspirado en la historia del tren que marc\u00f3 una \u00e9poca crucial en nuestra provincia y que conecta directamente con la fundaci\u00f3n de nuestra escuela en 1909. Este trabajo destaca los sellos educativos de nuestra instituci\u00f3n y consolida una conexi\u00f3n significativa con la historia local.\u00bb<\/em><\/p>\n\n\n\n<p>La Fundaci\u00f3n Cultural Tierra de Gaviotas, liderada por su presidente Luis Soto Almonacid, ha jugado un papel fundamental en esta celebraci\u00f3n. En palabras de su presidente:<br><em>\u00abEs un verdadero honor ser parte de los 115 a\u00f1os de la Escuela Pudeto, una instituci\u00f3n que simboliza resiliencia y tradici\u00f3n en Ancud. Nuestro convenio representa un compromiso mutuo por preservar nuestra identidad y fortalecer el tejido cultural de nuestra comunidad. Cada acci\u00f3n conjunta busca inspirar a las generaciones futuras y destacar el valor de nuestra historia y patrimonio.\u00bb<\/em><\/p>\n\n\n\n<p>Este aniversario incluye actividades previas como festivales de la canci\u00f3n, concursos tem\u00e1ticos y competencias tradicionales que han reunido a estudiantes, docentes y familias en un ambiente de celebraci\u00f3n y creatividad. La velada culminar\u00e1 con presentaciones art\u00edsticas de los estudiantes, la coronaci\u00f3n del rey y la reina, y la premiaci\u00f3n de la alianza ganadora, cerrando con broche de oro esta significativa jornada.<\/p>\n\n\n\n<p><strong>Invitaci\u00f3n a la Comunidad<\/strong><\/p>\n\n\n\n<p>La Escuela Pudeto y la Fundaci\u00f3n Cultural Tierra de Gaviotas extienden una cordial invitaci\u00f3n a toda la comunidad de Ancud para sumarse a esta celebraci\u00f3n hist\u00f3rica. Este aniversario no solo pertenece a la escuela, sino a toda la comuna. Juntos, podemos seguir construyendo un legado cultural que trascienda generaciones.<\/p>\n\n\n\n<p><\/p>\n","protected":false},"excerpt":{"rendered":"<p>La Fundaci\u00f3n Cultural Tierra de Gaviotas contribuir\u00e1 a la celebraci\u00f3n con un montaje art\u00edstico \u00fanico, alineado con los sellos educativos del establecimiento.<\/p>\n","protected":false},"author":1,"featured_media":25137,"comment_status":"closed","ping_status":"closed","sticky":false,"template":"","format":"standard","meta":{"footnotes":""},"categories":[3,8,11,2483],"tags":[2118,1671,337,273,3664,247,133],"class_list":["post-25136","post","type-post","status-publish","format-standard","has-post-thumbnail","hentry","category-al-dia","category-comunas","category-educacion","category-region","tag-semanariolocal","tag-ancud","tag-informacion","tag-noticias","tag-pudeto","tag-region-de-los-lagos","tag-semanario-local"],"_links":{"self":[{"href":"https:\/\/www.semanariolocal.cl\/index.php?rest_route=\/wp\/v2\/posts\/25136","targetHints":{"allow":["GET"]}}],"collection":[{"href":"https:\/\/www.semanariolocal.cl\/index.php?rest_route=\/wp\/v2\/posts"}],"about":[{"href":"https:\/\/www.semanariolocal.cl\/index.php?rest_route=\/wp\/v2\/types\/post"}],"author":[{"embeddable":true,"href":"https:\/\/www.semanariolocal.cl\/index.php?rest_route=\/wp\/v2\/users\/1"}],"replies":[{"embeddable":true,"href":"https:\/\/www.semanariolocal.cl\/index.php?rest_route=%2Fwp%2Fv2%2Fcomments&post=25136"}],"version-history":[{"count":2,"href":"https:\/\/www.semanariolocal.cl\/index.php?rest_route=\/wp\/v2\/posts\/25136\/revisions"}],"predecessor-version":[{"id":25148,"href":"https:\/\/www.semanariolocal.cl\/index.php?rest_route=\/wp\/v2\/posts\/25136\/revisions\/25148"}],"wp:featuredmedia":[{"embeddable":true,"href":"https:\/\/www.semanariolocal.cl\/index.php?rest_route=\/wp\/v2\/media\/25137"}],"wp:attachment":[{"href":"https:\/\/www.semanariolocal.cl\/index.php?rest_route=%2Fwp%2Fv2%2Fmedia&parent=25136"}],"wp:term":[{"taxonomy":"category","embeddable":true,"href":"https:\/\/www.semanariolocal.cl\/index.php?rest_route=%2Fwp%2Fv2%2Fcategories&post=25136"},{"taxonomy":"post_tag","embeddable":true,"href":"https:\/\/www.semanariolocal.cl\/index.php?rest_route=%2Fwp%2Fv2%2Ftags&post=25136"}],"curies":[{"name":"wp","href":"https:\/\/api.w.org\/{rel}","templated":true}]}}