{"id":2501,"date":"2021-10-17T06:30:00","date_gmt":"2021-10-17T09:30:00","guid":{"rendered":"https:\/\/www.semanariolocal.cl\/?p=2501"},"modified":"2021-10-17T00:30:54","modified_gmt":"2021-10-17T03:30:54","slug":"sag-inicia-proceso-de-monitoreo-de-plagas-frutales-en-la-region","status":"publish","type":"post","link":"https:\/\/www.semanariolocal.cl\/?p=2501","title":{"rendered":"SAG inicia proceso de monitoreo de plagas frutales en la regi\u00f3n"},"content":{"rendered":"\n<p style=\"font-size:17px\">Durante el mes de octubre, el SAG de la Regi\u00f3n de Los Lagos comenz\u00f3 con la instalaci\u00f3n de trampas para el monitoreo de la polilla del racimo de la vid,&nbsp;<em>Lobesia botrana<\/em>, y tambi\u00e9n de la mosca de la fruta, principalmente&nbsp;<em>Ceratitis capitata&nbsp;<\/em>conocida como mosca mediterr\u00e1nea de la fruta. \u201cCada temporada el Servicio define una ruta de instalaci\u00f3n de trampas para estos insectos. Es una labor de vigilancia sanitaria en el \u00e1mbito vegetal que tiene como objetivo la detecci\u00f3n oportuna de estas plagas que est\u00e1n catalogadas como cuarentenarias ausentes en el caso de&nbsp;<em>Ceratitis capitata<\/em>&nbsp;o bajo control oficial en el caso de&nbsp;<em>Lobesia botrana<\/em>\u201d, acot\u00f3 Eduardo Monreal, director regional del SAG.<\/p>\n\n\n\n<p style=\"font-size:17px\">\u201cLa mosca mediterr\u00e1nea de la fruta es una plaga que no est\u00e1 presente en Chile, es cuarentenaria, y en caso de detectarse afectar\u00eda gravemente las exportaciones de fruta, ya que los principales mercados a los cuales nosotros enviamos producto tienen fuertes restricciones para dicha especie. Por esa raz\u00f3n, el SAG, a nivel pa\u00eds, tiene m\u00e1s de 10 mil trampas instaladas, las cuales cubren \u00e1reas urbanas y productivas, y para el caso de la regi\u00f3n de Los Lagos, esta temporada instalaremos 190 trampas entre las comunas de Osorno y Puerto Montt\u201d agreg\u00f3 Monreal.<\/p>\n\n\n\n<p style=\"font-size:17px\">Cabe indicar que este sistema de monitoreo estar\u00e1 operativo hasta abril pr\u00f3ximo, per\u00edodo que, en la zona, existen temperaturas adecuadas para el desarrollo de estas moscas, en caso de ingresar al pa\u00eds. La ruta de trampas es revisada en intervalos de 10 a 15 d\u00edas por inspectores del SAG que est\u00e1n entrenados en el reconocimiento de esta especie.<\/p>\n\n\n\n<p style=\"font-size:17px\"><strong>Polilla del racimo de la vid<\/strong><\/p>\n\n\n\n<p style=\"font-size:17px\">\u201cPor otro lado,&nbsp;<em>Lobesia botrana<\/em>, tambi\u00e9n es una plaga importante para Chile, no obstante, a diferencia de la mosca de la fruta, \u00e9sta si ha tenido introducciones en diferentes partes del pa\u00eds, raz\u00f3n por la cual el SAG mantiene un control oficial en todo el pa\u00eds para evitar la diseminaci\u00f3n de la plaga hacia \u00e1reas en que no est\u00e1 presente. Esto significa una serie de esfuerzos que nosotros como Servicio realizamos, en conjunto con el sector privado, que est\u00e1n orientados a controlar la plaga\u201d, sostuvo el director regional del SAG.<\/p>\n\n\n\n<p style=\"font-size:17px\">A nivel nacional hay m\u00e1s de 22 mil trampas instaladas para detectar oportunamente a la polilla del racimo de la vid; y a nivel regional, en la presente temporada se instalar\u00e1n 270 trampas que estar\u00e1n ubicadas entre las comunas de Osorno y Chilo\u00e9.<\/p>\n\n\n\n<p style=\"font-size:17px\">\u201cEstos dispositivos (las trampas) se basan principalmente en la t\u00e9cnica de feromonas, vale decir, es hormona sexual que se utiliza como atrayente para los machos de esta especie y permiten la detecci\u00f3n temprana en caso de que ingrese un ejemplar, proveniente de otras regiones. El Programa de Control Oficial de&nbsp;<em>Lobesia botrana<\/em>&nbsp;cuenta con varias l\u00edneas de acci\u00f3n tendientes a la erradicaci\u00f3n o contenci\u00f3n de la plaga en diferentes zonas del pa\u00eds y una de ellas es el monitoreo a trav\u00e9s de trampas. Debido a la importancia del rubro productivo nacional de vid, ya sea de mesa o vin\u00edfera, son m\u00faltiples las localidades entre Atacama y la regi\u00f3n de La Araucan\u00eda, donde dicho control debe realizarse en forma activa, en un trabajo que involucra esfuerzos del sector p\u00fablico y privado\u201d, puntualiz\u00f3 Monreal.<\/p>\n\n\n\n<p style=\"font-size:17px\">La polilla del racimo de la vid es&nbsp;originaria de Europa, ataca preferentemente a la especie vid y su larva provoca un da\u00f1o directo al alimentarse de los racimos, produci\u00e9ndose una pudrici\u00f3n y deshidrataci\u00f3n de las bayas, situaci\u00f3n que hace disminuir los rendimientos de las vi\u00f1as y parronales. Otros hospederos de la plaga son ar\u00e1ndanos, ciruelos y cerezos, por lo que en la regi\u00f3n de Los Lagos las trampas se instalan en huertos comerciales y de autoconsumo de estas especies, y en lugares de acopio de fruta como ferias y fruter\u00edas.<\/p>\n\n\n\n<p style=\"font-size:17px\">El director regional del SAG hizo un llamado a la comunidad a permitir el acceso de los inspectores del SAG a los huertos y a las \u00e1reas urbanas donde se instalan las trampas. \u201cNuestros inspectores van a estar debidamente identificados. Por otra parte, las trampas no contienen plaguicidas ni afectan al \u00e1rbol en que se encuentra instalada, por lo que se solicita a la comunidad que las cuide y no las destruyan, ya que cumplen un rol fundamental en la protecci\u00f3n de frutales y permite mantener el estatus sanitario de nuestro pa\u00eds que es exportador de fruta fresca a diferentes mercados\u201d.<\/p>\n\n\n\n<p style=\"font-size:17px\">El Seremi de Agricultura Eduardo Winkler se\u00f1al\u00f3 que el buen estatus sanitario que posee el pa\u00eds debido a la ausencia y al buen control de algunas plagas es un patrimonio que debemos cuidar. \u201cLa comercializaci\u00f3n y producci\u00f3n de fruta fresca se sustenta en esta condici\u00f3n que tenemos como pa\u00eds y en la regi\u00f3n de Los Lagos, donde vienen creciendo sostenidamente la actividad frut\u00edcola, estamos redoblando esfuerzos para mantener la sanidad de nuestros huertos y seguir produciendo fruta de excelente calidad\u201d.<\/p>\n","protected":false},"excerpt":{"rendered":"<p>Durante el mes de octubre, el SAG de la Regi\u00f3n de Los Lagos comenz\u00f3 con la instalaci\u00f3n de trampas para el monitoreo de la polilla del racimo de la vid,&nbsp;Lobesia botrana, y tambi\u00e9n de la mosca de la fruta, principalmente&nbsp;Ceratitis capitata&nbsp;conocida como mosca mediterr\u00e1nea de la fruta. \u201cCada temporada el Servicio define una ruta de&#8230;<a class=\"btnReadMore\" href=\"https:\/\/www.semanariolocal.cl\/?p=2501\"> Leer M\u00e1s<\/a><\/p>\n","protected":false},"author":1,"featured_media":2502,"comment_status":"closed","ping_status":"closed","sticky":false,"template":"","format":"standard","meta":{"footnotes":""},"categories":[20,3],"tags":[],"class_list":["post-2501","post","type-post","status-publish","format-standard","has-post-thumbnail","hentry","category-agro","category-al-dia"],"_links":{"self":[{"href":"https:\/\/www.semanariolocal.cl\/index.php?rest_route=\/wp\/v2\/posts\/2501","targetHints":{"allow":["GET"]}}],"collection":[{"href":"https:\/\/www.semanariolocal.cl\/index.php?rest_route=\/wp\/v2\/posts"}],"about":[{"href":"https:\/\/www.semanariolocal.cl\/index.php?rest_route=\/wp\/v2\/types\/post"}],"author":[{"embeddable":true,"href":"https:\/\/www.semanariolocal.cl\/index.php?rest_route=\/wp\/v2\/users\/1"}],"replies":[{"embeddable":true,"href":"https:\/\/www.semanariolocal.cl\/index.php?rest_route=%2Fwp%2Fv2%2Fcomments&post=2501"}],"version-history":[{"count":1,"href":"https:\/\/www.semanariolocal.cl\/index.php?rest_route=\/wp\/v2\/posts\/2501\/revisions"}],"predecessor-version":[{"id":2503,"href":"https:\/\/www.semanariolocal.cl\/index.php?rest_route=\/wp\/v2\/posts\/2501\/revisions\/2503"}],"wp:featuredmedia":[{"embeddable":true,"href":"https:\/\/www.semanariolocal.cl\/index.php?rest_route=\/wp\/v2\/media\/2502"}],"wp:attachment":[{"href":"https:\/\/www.semanariolocal.cl\/index.php?rest_route=%2Fwp%2Fv2%2Fmedia&parent=2501"}],"wp:term":[{"taxonomy":"category","embeddable":true,"href":"https:\/\/www.semanariolocal.cl\/index.php?rest_route=%2Fwp%2Fv2%2Fcategories&post=2501"},{"taxonomy":"post_tag","embeddable":true,"href":"https:\/\/www.semanariolocal.cl\/index.php?rest_route=%2Fwp%2Fv2%2Ftags&post=2501"}],"curies":[{"name":"wp","href":"https:\/\/api.w.org\/{rel}","templated":true}]}}