{"id":2498,"date":"2021-10-17T06:10:00","date_gmt":"2021-10-17T09:10:00","guid":{"rendered":"https:\/\/www.semanariolocal.cl\/?p=2498"},"modified":"2021-10-17T00:23:45","modified_gmt":"2021-10-17T03:23:45","slug":"a-contar-del-lunes-18-de-octubre-transito-de-calle-santiago-rosas-sera-bidireccional","status":"publish","type":"post","link":"https:\/\/www.semanariolocal.cl\/?p=2498","title":{"rendered":"A contar del lunes 18 de octubre tr\u00e1nsito de calle Santiago Rosas ser\u00e1 bidireccional"},"content":{"rendered":"\n<p style=\"font-size:17px\">De acuerdo a lo informado por el Director del Departamento de Tr\u00e1nsito Municipal, Luis Vilches, \u201cse trata de 7 modificaciones al sentido del tr\u00e1nsito que se realizar\u00e1n en la ciudad a contar del lunes 18 de octubre, calles que ya cuentan con la nueva se\u00f1alizaci\u00f3n, esta es una medida que comienza el lunes y que viene a normalizar principalmente el tr\u00e1nsito de Avenida Rep\u00fablica, en sus calles transversales\u201d, explic\u00f3.<\/p>\n\n\n\n<p style=\"font-size:17px\">Vilches, indic\u00f3 que la iniciativa responde a la necesidad de ordenar la circulaci\u00f3n vehicular y peatonal en diferentes calles, acci\u00f3n que tambi\u00e9n tiene el respaldo de los vecinos residentes en estos 7 lugares donde se realizar\u00e1n los cambios.<\/p>\n\n\n\n<p style=\"font-size:17px\"><strong>Calles que sufrir\u00e1n modificaci\u00f3n en sentido de tr\u00e1nsito:<\/strong><\/p>\n\n\n\n<p style=\"font-size:17px\">Calle Chacarillas la cual ser\u00e1 unidireccional de sur a norte entre Lago Para\u00edso y Avenida Rep\u00fablica.<\/p>\n\n\n\n<p style=\"font-size:17px\">Calle Emprender, la cual ser\u00e1 bidireccional de norte a sur, entre Avenida Rep\u00fablica y Ruth Helwig.<\/p>\n\n\n\n<p style=\"font-size:17px\">Calle Tarapac\u00e1, ser\u00e1 unidireccional de sur a norte, entre Avenida Rep\u00fablica y David Rosas.<\/p>\n\n\n\n<p style=\"font-size:17px\">Calle Norte Chill\u00e1n, ser\u00e1 unidireccional de norte a sur, entre David Rosas y Avenida Rep\u00fablica.<\/p>\n\n\n\n<p style=\"font-size:17px\">Calle Antofagasta, tambi\u00e9n ser\u00e1 unidireccional de norte a sur, entre David Rosas y Avenida Rep\u00fablica.<\/p>\n\n\n\n<p style=\"font-size:17px\">Calle Santiago de Rosas, ser\u00e1 bidireccional de oriente a poniente, entre Avenida C\u00e9sar Ercilla y Samuel Burgos.<\/p>\n\n\n\n<p style=\"font-size:17px\">Calle Los \u00c1lamos, ser\u00e1 unidireccional de oriente a poniente, entre H\u00e9roes de la Concepci\u00f3n y Los Mel\u00edes.<\/p>\n\n\n\n<p style=\"font-size:17px\">La medida comenzar\u00e1 a regir a contar del lunes 18 de octubre, por lo que el llamado desde el Departamento de Tr\u00e1nsito es a conducir con el cuidado correspondiente para evitar accidentes o maniobras que puedan ser peligrosas.<\/p>\n","protected":false},"excerpt":{"rendered":"<p>De acuerdo a lo informado por el Director del Departamento de Tr\u00e1nsito Municipal, Luis Vilches, \u201cse trata de 7 modificaciones al sentido del tr\u00e1nsito que se realizar\u00e1n en la ciudad a contar del lunes 18 de octubre, calles que ya cuentan con la nueva se\u00f1alizaci\u00f3n, esta es una medida que comienza el lunes y que&#8230;<a class=\"btnReadMore\" href=\"https:\/\/www.semanariolocal.cl\/?p=2498\"> Leer M\u00e1s<\/a><\/p>\n","protected":false},"author":1,"featured_media":2499,"comment_status":"closed","ping_status":"closed","sticky":false,"template":"","format":"standard","meta":{"footnotes":""},"categories":[3],"tags":[],"class_list":["post-2498","post","type-post","status-publish","format-standard","has-post-thumbnail","hentry","category-al-dia"],"_links":{"self":[{"href":"https:\/\/www.semanariolocal.cl\/index.php?rest_route=\/wp\/v2\/posts\/2498","targetHints":{"allow":["GET"]}}],"collection":[{"href":"https:\/\/www.semanariolocal.cl\/index.php?rest_route=\/wp\/v2\/posts"}],"about":[{"href":"https:\/\/www.semanariolocal.cl\/index.php?rest_route=\/wp\/v2\/types\/post"}],"author":[{"embeddable":true,"href":"https:\/\/www.semanariolocal.cl\/index.php?rest_route=\/wp\/v2\/users\/1"}],"replies":[{"embeddable":true,"href":"https:\/\/www.semanariolocal.cl\/index.php?rest_route=%2Fwp%2Fv2%2Fcomments&post=2498"}],"version-history":[{"count":1,"href":"https:\/\/www.semanariolocal.cl\/index.php?rest_route=\/wp\/v2\/posts\/2498\/revisions"}],"predecessor-version":[{"id":2500,"href":"https:\/\/www.semanariolocal.cl\/index.php?rest_route=\/wp\/v2\/posts\/2498\/revisions\/2500"}],"wp:featuredmedia":[{"embeddable":true,"href":"https:\/\/www.semanariolocal.cl\/index.php?rest_route=\/wp\/v2\/media\/2499"}],"wp:attachment":[{"href":"https:\/\/www.semanariolocal.cl\/index.php?rest_route=%2Fwp%2Fv2%2Fmedia&parent=2498"}],"wp:term":[{"taxonomy":"category","embeddable":true,"href":"https:\/\/www.semanariolocal.cl\/index.php?rest_route=%2Fwp%2Fv2%2Fcategories&post=2498"},{"taxonomy":"post_tag","embeddable":true,"href":"https:\/\/www.semanariolocal.cl\/index.php?rest_route=%2Fwp%2Fv2%2Ftags&post=2498"}],"curies":[{"name":"wp","href":"https:\/\/api.w.org\/{rel}","templated":true}]}}