{"id":24954,"date":"2024-11-23T12:22:36","date_gmt":"2024-11-23T15:22:36","guid":{"rendered":"https:\/\/www.semanariolocal.cl\/?p=24954"},"modified":"2024-11-23T12:22:37","modified_gmt":"2024-11-23T15:22:37","slug":"redefiniendo-la-industria-de-la-construccion","status":"publish","type":"post","link":"https:\/\/www.semanariolocal.cl\/?p=24954","title":{"rendered":"Redefiniendo la industria de la construcci\u00f3n"},"content":{"rendered":"\n<p><strong>23 de Noviembre del 2024.- <\/strong>  Atemorizados por perder sus fuentes de trabajo, los llamados \u201cluditas\u201d destru\u00edan la maquinaria como forma de rebelarse ante la innovaci\u00f3n. Formalmente, en la industria de la construcci\u00f3n, el \u201cludismo\u201d no ha sido un movimiento que caracterice, pero s\u00ed, es innegable que existe cierta resistencia a la incorporaci\u00f3n de nuevas tecnolog\u00edas.<\/p>\n\n\n\n<p>Satisfacer las demandas actuales de seguridad, productividad y sostenibilidad, adem\u00e1s de adelantarse a futuras necesidades a trav\u00e9s de la tecnolog\u00eda y la innovaci\u00f3n, ser\u00e1n claves para encabezar la agenda en el desarrollo de grandes proyectos en Chile; y s\u00f3lo podremos lograrlo con una industria preparada y <em>dispuesta<\/em> a innovar. Y para ello, se requerir\u00e1 que los Centros de Formaci\u00f3n T\u00e9cnica y Profesionales adapten sus mallas curriculares, acordes a tiempos actuales y del futuro de una industria moderna y sustentable.<\/p>\n\n\n\n<p>Primero, experimentar, a trav\u00e9s de cuestionarse la forma en la que actualmente se opera y c\u00f3mo aquellos procesos podr\u00edan agilizarse. Segundo, transformar con impacto, pues s\u00f3lo de esta forma m\u00e1s personas se sumar\u00e1n. Y, finalmente, colaborar y sumar a todos los actores y contrapartes para as\u00ed contar con todas las miradas que componen esta rica y variada industria tan necesaria para el crecimiento del pa\u00eds.<\/p>\n\n\n\n<p>Lo desconocido asusta, pas\u00f3 hasta con las retroexcavadoras. Pero transformar el sector no solo mejora los procesos y productos finales, sino que tambi\u00e9n contribuye a la generaci\u00f3n de mejores ciudades.&nbsp; En mi calidad de vicepresidente de Gesti\u00f3n de la CChC Osorno y Director de Carreras del \u00c1rea de Ingenier\u00eda del Instituto Profesional y Centro de Formaci\u00f3n T\u00e9cnica Santo Tom\u00e1s, creo en la importancia de crear una cultura de innovaci\u00f3n que llame a priorizar proyectos y escalar soluciones relacionados con las herramientas que actualmente nos ofrece la tecnolog\u00eda, tales como la automatizaci\u00f3n de procesos o la inteligencia artificial pues estos c\u00f3digos ser\u00e1n parte del lenguaje global que comenzar\u00e1 a primar. Si descubrimos, definimos, ideamos y validamos en conjunto; la habituaci\u00f3n a la nueva industria ser\u00e1 m\u00e1s sencilla. A un mes del desarrollo de la Edifica 2024 que cont\u00f3 con propuestas de productos, soluciones y tecnolog\u00edas vinculadas a la industria marcaron la presencia en las plazas de Industrializaci\u00f3n, Innovaci\u00f3n y Medio Ambiente, lo que demuestra de que la industria esta en una constante evoluci\u00f3n incorporando nuevas tecnolog\u00edas y metodolog\u00edas.<\/p>\n\n\n\n<p><strong>Por Claudio \u00c1ngulo Torres &#8211; Director de carreras \u00c1rea de Ingenier\u00eda IP-CFT Santo Tom\u00e1s Osorno &#8211; Vicepresidente de la CChC Osorno<\/strong><\/p>\n","protected":false},"excerpt":{"rendered":"<p>Entre los a\u00f1os 1811 y 1826, los artesanos ingleses protestaron frente a la incorporaci\u00f3n de m\u00e1quinas en la industria textil.<\/p>\n","protected":false},"author":1,"featured_media":24955,"comment_status":"closed","ping_status":"closed","sticky":false,"template":"","format":"standard","meta":{"footnotes":""},"categories":[3302,3,11,7],"tags":[2118,1188,3646,337,840,273,247,2359,133],"class_list":["post-24954","post","type-post","status-publish","format-standard","has-post-thumbnail","hentry","category-academia","category-al-dia","category-educacion","category-opinion","tag-semanariolocal","tag-cft-santo-tomas","tag-claudio-angulo-torres-2","tag-informacion","tag-ip-santo-tomas","tag-noticias","tag-region-de-los-lagos","tag-santo-tomas-osorno","tag-semanario-local"],"_links":{"self":[{"href":"https:\/\/www.semanariolocal.cl\/index.php?rest_route=\/wp\/v2\/posts\/24954","targetHints":{"allow":["GET"]}}],"collection":[{"href":"https:\/\/www.semanariolocal.cl\/index.php?rest_route=\/wp\/v2\/posts"}],"about":[{"href":"https:\/\/www.semanariolocal.cl\/index.php?rest_route=\/wp\/v2\/types\/post"}],"author":[{"embeddable":true,"href":"https:\/\/www.semanariolocal.cl\/index.php?rest_route=\/wp\/v2\/users\/1"}],"replies":[{"embeddable":true,"href":"https:\/\/www.semanariolocal.cl\/index.php?rest_route=%2Fwp%2Fv2%2Fcomments&post=24954"}],"version-history":[{"count":1,"href":"https:\/\/www.semanariolocal.cl\/index.php?rest_route=\/wp\/v2\/posts\/24954\/revisions"}],"predecessor-version":[{"id":24956,"href":"https:\/\/www.semanariolocal.cl\/index.php?rest_route=\/wp\/v2\/posts\/24954\/revisions\/24956"}],"wp:featuredmedia":[{"embeddable":true,"href":"https:\/\/www.semanariolocal.cl\/index.php?rest_route=\/wp\/v2\/media\/24955"}],"wp:attachment":[{"href":"https:\/\/www.semanariolocal.cl\/index.php?rest_route=%2Fwp%2Fv2%2Fmedia&parent=24954"}],"wp:term":[{"taxonomy":"category","embeddable":true,"href":"https:\/\/www.semanariolocal.cl\/index.php?rest_route=%2Fwp%2Fv2%2Fcategories&post=24954"},{"taxonomy":"post_tag","embeddable":true,"href":"https:\/\/www.semanariolocal.cl\/index.php?rest_route=%2Fwp%2Fv2%2Ftags&post=24954"}],"curies":[{"name":"wp","href":"https:\/\/api.w.org\/{rel}","templated":true}]}}