{"id":2495,"date":"2021-10-17T06:05:41","date_gmt":"2021-10-17T09:05:41","guid":{"rendered":"https:\/\/www.semanariolocal.cl\/?p=2495"},"modified":"2021-10-17T00:18:55","modified_gmt":"2021-10-17T03:18:55","slug":"egresados-de-39-establecimientos-podran-convalidar-hasta-un-semestre-en-inacap","status":"publish","type":"post","link":"https:\/\/www.semanariolocal.cl\/?p=2495","title":{"rendered":"Egresados de 39 establecimientos podr\u00e1n convalidar hasta un semestre en INACAP"},"content":{"rendered":"\n<p style=\"font-size:17px\">Los egresados de 39 establecimientos de Educaci\u00f3n Media T\u00e9cnico-Profesional de la Regi\u00f3n de Los Lagos podr\u00e1n convalidar hasta un semestre en diferentes programas de estudio del Centro de Formaci\u00f3n T\u00e9cnica INACAP y el Instituto Profesional INACAP, aligerando as\u00ed su carga acad\u00e9mica y acelerando su eventual titulaci\u00f3n como t\u00e9cnicos y profesionales.<\/p>\n\n\n\n<p style=\"font-size:17px\">En la provincia de Osorno, se cuentan el Liceo Bicentenario People Help People de Pilmaiqu\u00e9n, Liceo Agr\u00edcola Vista Hermosa, Liceo Fray Pablo de Royo, Colegio Quilacahuin, Liceo T\u00e9cnico Adolfo Matthei, Colegio Luis Pasteur, Colegio T\u00e9cnico Profesional Misi\u00f3n San Juan de la Costa, The Mission College, Colegio Emprender Osorno, Instituto Polit\u00e9cnico, Instituto Comercial de Osorno, Liceo Jos\u00e9 Toribio Medina y Liceo Tomas Burgos. A ello se suman otros cinco establecimientos de la provincia del Ranco.<\/p>\n\n\n\n<p style=\"font-size:17px\">\u201cEste a\u00f1o, nuestra Instituci\u00f3n sum\u00f3 m\u00e1s establecimientos y m\u00e1s especialidades a la Articulaci\u00f3n Directa, porque estamos convencidos de que este sistema efectivamente facilita que las personas desarrollen una trayectoria formativa de manera flexible, en v\u00ednculo con el sector productivo y de manera pertinente a los desaf\u00edos que plantea la Industria 4.0 y la transformaci\u00f3n digital. Con este beneficio, INACAP es la instituci\u00f3n de Educaci\u00f3n Superior con la oferta de articulaci\u00f3n m\u00e1s completa de nuestro pa\u00eds\u201d, destaca el Director de Relaciones con la Educaci\u00f3n Media de INACAP, Gonzalo Toledo.<\/p>\n\n\n\n<p style=\"font-size:17px\">El programa de articulaci\u00f3n se enmarca en el \u201cAcuerdo Nacional de Convalidaci\u00f3n T\u00e9cnico Profesional\u201d, firmado en 2019 entre el Ministerio de Educaci\u00f3n e INACAP junto a otras diez instituciones de Educaci\u00f3n Superior T\u00e9cnico Profesional (TP), con el objetivo de potenciar el proceso de articulaci\u00f3n y promover la vinculaci\u00f3n entre la Educaci\u00f3n Media TP, la Educaci\u00f3n Superior TP y el sector productivo.<\/p>\n\n\n\n<p style=\"font-size:17px\">En este sentido, se ha programado el webinar \u201cArticulaci\u00f3n 2022\u201d en que participar\u00e1n Andr\u00e9s P\u00e9rez, Secretario Ejecutivo de Educaci\u00f3n Media T\u00e9cnico-Profesional del Ministerio de Educaci\u00f3n; Catalina Iglesias, Directora General Acad\u00e9mica de INACAP; y Gonzalo Toledo, Director de Relaciones con la Educaci\u00f3n Media de INACAP. El encuentro tendr\u00e1 lugar el jueves 21 de octubre a las 17 horas.&nbsp;<\/p>\n","protected":false},"excerpt":{"rendered":"<p>Los egresados de 39 establecimientos de Educaci\u00f3n Media T\u00e9cnico-Profesional de la Regi\u00f3n de Los Lagos podr\u00e1n convalidar hasta un semestre en diferentes programas de estudio del Centro de Formaci\u00f3n T\u00e9cnica INACAP y el Instituto Profesional INACAP, aligerando as\u00ed su carga acad\u00e9mica y acelerando su eventual titulaci\u00f3n como t\u00e9cnicos y profesionales. En la provincia de Osorno,&#8230;<a class=\"btnReadMore\" href=\"https:\/\/www.semanariolocal.cl\/?p=2495\"> Leer M\u00e1s<\/a><\/p>\n","protected":false},"author":1,"featured_media":2496,"comment_status":"closed","ping_status":"closed","sticky":false,"template":"","format":"standard","meta":{"footnotes":""},"categories":[11],"tags":[],"class_list":["post-2495","post","type-post","status-publish","format-standard","has-post-thumbnail","hentry","category-educacion"],"_links":{"self":[{"href":"https:\/\/www.semanariolocal.cl\/index.php?rest_route=\/wp\/v2\/posts\/2495","targetHints":{"allow":["GET"]}}],"collection":[{"href":"https:\/\/www.semanariolocal.cl\/index.php?rest_route=\/wp\/v2\/posts"}],"about":[{"href":"https:\/\/www.semanariolocal.cl\/index.php?rest_route=\/wp\/v2\/types\/post"}],"author":[{"embeddable":true,"href":"https:\/\/www.semanariolocal.cl\/index.php?rest_route=\/wp\/v2\/users\/1"}],"replies":[{"embeddable":true,"href":"https:\/\/www.semanariolocal.cl\/index.php?rest_route=%2Fwp%2Fv2%2Fcomments&post=2495"}],"version-history":[{"count":1,"href":"https:\/\/www.semanariolocal.cl\/index.php?rest_route=\/wp\/v2\/posts\/2495\/revisions"}],"predecessor-version":[{"id":2497,"href":"https:\/\/www.semanariolocal.cl\/index.php?rest_route=\/wp\/v2\/posts\/2495\/revisions\/2497"}],"wp:featuredmedia":[{"embeddable":true,"href":"https:\/\/www.semanariolocal.cl\/index.php?rest_route=\/wp\/v2\/media\/2496"}],"wp:attachment":[{"href":"https:\/\/www.semanariolocal.cl\/index.php?rest_route=%2Fwp%2Fv2%2Fmedia&parent=2495"}],"wp:term":[{"taxonomy":"category","embeddable":true,"href":"https:\/\/www.semanariolocal.cl\/index.php?rest_route=%2Fwp%2Fv2%2Fcategories&post=2495"},{"taxonomy":"post_tag","embeddable":true,"href":"https:\/\/www.semanariolocal.cl\/index.php?rest_route=%2Fwp%2Fv2%2Ftags&post=2495"}],"curies":[{"name":"wp","href":"https:\/\/api.w.org\/{rel}","templated":true}]}}