{"id":24834,"date":"2024-11-18T09:00:00","date_gmt":"2024-11-18T12:00:00","guid":{"rendered":"https:\/\/www.semanariolocal.cl\/?p=24834"},"modified":"2024-11-19T10:09:21","modified_gmt":"2024-11-19T13:09:21","slug":"la-ingenieria-y-la-economia-circular-un-compromiso-futuro-para-el-desarrollo","status":"publish","type":"post","link":"https:\/\/www.semanariolocal.cl\/?p=24834","title":{"rendered":"La ingenier\u00eda y la econom\u00eda circular: un compromiso futuro para el desarrollo."},"content":{"rendered":"\n<p><strong>18 de noviembre del 2024. <\/strong> La concepci\u00f3n de la llamada \u201cEconom\u00eda Circular\u201d nace de percibir las fuertes restricciones ambientales, econ\u00f3micas y sociales que hoy tenemos en nuestro planeta. Ello como consecuencia de un desarrollo explosivo anterior, la hoy llamada \u201cEconom\u00eda Lineal\u201d, focalizada esencialmente en la generaci\u00f3n de \u201cproductos y servicios\u201d y que dio origen a la llamada Revoluci\u00f3n Industrial. Si bien la \u201cEconom\u00eda Lineal\u201d solucion\u00f3 los problemas m\u00e1s inmediatos de la sociedad, no hizo consideraci\u00f3n a los efectos sobre el entorno y los impactos que podr\u00edan ocurrir sobre el medio ambiente. Al cambio de lo \u201clineal\u201d a lo \u201ccircular\u201d contribuyeron claramente el desarrollo de la inform\u00e1tica, las comunicaciones, y actualmente, sin duda, la inteligencia artificial, que nos permiten observar, conocer, modelar y prever pr\u00e1cticamente en forma inmediata los acontecimientos y sucesos que ocurren en todos los rincones del planeta, con lo que conocemos claramente los l\u00edmites del lugar donde habitamos.<\/p>\n\n\n\n<p>Sin embargo, no siempre los profesionales asociados a la Ingenier\u00eda han sido vistos como contribuyentes al desarrollo social y al impacto en la sociedad como otras ramas profesionales donde el v\u00ednculo con los seres humanos es m\u00e1s evidente.<\/p>\n\n\n\n<p>Aun cuando ha sido parte de una confusi\u00f3n inicial, la Econom\u00eda Circular es m\u00e1s que un simple reciclaje. El reciclaje corresponde a la acci\u00f3n de atacar las consecuencias y no las causas del problema. Corresponde, en el hecho, a una acci\u00f3n de \u201cfin de tubo\u201d para atacar los efectos finales y no sus causas. As\u00ed, se estima que como consecuencia del desarrollo de estos nuevos paradigmas el llamado \u201creciclaje\u201d pase a integrarse al proceso mismo de fabricaci\u00f3n de un producto. Ello significar\u00e1 fortalecer otras ramas de la ingenier\u00eda como el\u201d dise\u00f1o\u201d y la \u201cdeconstrucci\u00f3n\u201d, al objeto de preparar a priori el producto y descomponerlo en sus partes y contribuir as\u00ed f\u00e1cilmente a su integraci\u00f3n a nuevos productos cuando el original cumpla su ciclo de vida. Por la misma raz\u00f3n, la \u201cdeconstrucci\u00f3n\u201d tambi\u00e9n es una rama de la ingenier\u00eda que ha comenzado a tomar importancia con estos nuevos paradigmas: el producto final entregado a la sociedad debe tener impreso desde su construcci\u00f3n la propiedad de reintegrarlo en todas sus partes a un nuevo producto. Es una forma de imitar el proceder de la naturaleza, que no genera residuos y todo lo reabsorbe.<\/p>\n\n\n\n<p>Hablar de la Econom\u00eda Circular es hoy un lugar com\u00fan para nuestro futuro desarrollo. Pr\u00e1cticamente todas las instituciones han internalizado el tema y han conformado grupos de trabajo en su interior para estudiar y difundir los conceptos que la rigen y su aplicabilidad para sus prop\u00f3sitos futuros. Pero \u00bfcu\u00e1n alejados estamos de obtener los resultados deseados? Creo que \u00e9sta es una buena oportunidad para mostrar que rol puede cumplir la ingenier\u00eda, desde sus fundamentos, con todas las bases matem\u00e1ticas que la sustentan, hasta las aplicaciones m\u00e1s concretas y pr\u00e1cticas de las ciencias de la ingenier\u00eda en el entorno inmediato. La Econom\u00eda Circular tiene, entre otros, fundamentos termodin\u00e1micos, y estos conceptos tambi\u00e9n forman parte de las bases de la Ingenier\u00eda. La estabilidad de los sistemas, a prop\u00f3sito de su reutilizaci\u00f3n, debe ser parte de nuestro aporte como ingenieros a la futura implementaci\u00f3n de los conceptos de la Econom\u00eda Circular en el mundo que se avecina. Ese debiera ser uno de nuestros desaf\u00edos y nuestro aporte como ingenieros a la instalaci\u00f3n definitiva de estos nuevos paradigmas para el desarrollo.<\/p>\n\n\n\n<p><strong>Mario S\u00e1nchez Medina &#8211; Facultad de Ingenier\u00eda &#8211; Universidad Andr\u00e9s Bello &#8211; Concepci\u00f3n<\/strong><\/p>\n","protected":false},"excerpt":{"rendered":"<p>Hablar de la Econom\u00eda Circular es hoy un lugar com\u00fan para nuestro futuro desarrollo. <\/p>\n","protected":false},"author":1,"featured_media":24835,"comment_status":"closed","ping_status":"closed","sticky":false,"template":"","format":"standard","meta":{"footnotes":""},"categories":[3302,12,11,7],"tags":[2118,337,3632,273,247,133,1822],"class_list":["post-24834","post","type-post","status-publish","format-standard","has-post-thumbnail","hentry","category-academia","category-economia","category-educacion","category-opinion","tag-semanariolocal","tag-informacion","tag-mario-sanchez-medina","tag-noticias","tag-region-de-los-lagos","tag-semanario-local","tag-universidad-andres-bello"],"_links":{"self":[{"href":"https:\/\/www.semanariolocal.cl\/index.php?rest_route=\/wp\/v2\/posts\/24834","targetHints":{"allow":["GET"]}}],"collection":[{"href":"https:\/\/www.semanariolocal.cl\/index.php?rest_route=\/wp\/v2\/posts"}],"about":[{"href":"https:\/\/www.semanariolocal.cl\/index.php?rest_route=\/wp\/v2\/types\/post"}],"author":[{"embeddable":true,"href":"https:\/\/www.semanariolocal.cl\/index.php?rest_route=\/wp\/v2\/users\/1"}],"replies":[{"embeddable":true,"href":"https:\/\/www.semanariolocal.cl\/index.php?rest_route=%2Fwp%2Fv2%2Fcomments&post=24834"}],"version-history":[{"count":2,"href":"https:\/\/www.semanariolocal.cl\/index.php?rest_route=\/wp\/v2\/posts\/24834\/revisions"}],"predecessor-version":[{"id":24838,"href":"https:\/\/www.semanariolocal.cl\/index.php?rest_route=\/wp\/v2\/posts\/24834\/revisions\/24838"}],"wp:featuredmedia":[{"embeddable":true,"href":"https:\/\/www.semanariolocal.cl\/index.php?rest_route=\/wp\/v2\/media\/24835"}],"wp:attachment":[{"href":"https:\/\/www.semanariolocal.cl\/index.php?rest_route=%2Fwp%2Fv2%2Fmedia&parent=24834"}],"wp:term":[{"taxonomy":"category","embeddable":true,"href":"https:\/\/www.semanariolocal.cl\/index.php?rest_route=%2Fwp%2Fv2%2Fcategories&post=24834"},{"taxonomy":"post_tag","embeddable":true,"href":"https:\/\/www.semanariolocal.cl\/index.php?rest_route=%2Fwp%2Fv2%2Ftags&post=24834"}],"curies":[{"name":"wp","href":"https:\/\/api.w.org\/{rel}","templated":true}]}}