{"id":2481,"date":"2021-10-15T11:24:09","date_gmt":"2021-10-15T14:24:09","guid":{"rendered":"https:\/\/www.semanariolocal.cl\/?p=2481"},"modified":"2021-10-15T11:24:09","modified_gmt":"2021-10-15T14:24:09","slug":"foro-de-las-artes-2021-sera-el-primer-gran-evento-cultural-en-desconfinamiento","status":"publish","type":"post","link":"https:\/\/www.semanariolocal.cl\/?p=2481","title":{"rendered":"Foro de las Artes 2021 ser\u00e1 el primer gran evento cultural en desconfinamiento"},"content":{"rendered":"\n<p style=\"font-size:17px\">Este mes de octubre trae de regreso al Foro de las Artes de la Universidad de Chile, que en su nueva edici\u00f3n contar\u00e1 con m\u00e1s de 30 actividades gratuitas. La instancia espera reforzar la participaci\u00f3n cultural despu\u00e9s de meses complejos por la emergencia sociosanitaria del Covid-19, mezclando encuentros telem\u00e1ticos y presenciales para llegar a todo el pa\u00eds.<\/p>\n\n\n\n<p style=\"font-size:17px\">En su nueva edici\u00f3n el evento conjugar\u00e1 diversas disciplinas, formatos, plataformas y materias editoriales, a trav\u00e9s de est\u00edmulos visuales, auditivos y simb\u00f3licos. Obras teatrales digitales, conversatorios cr\u00edticos, proyectos sonoros, di\u00e1logos reflexivos, documentales, pel\u00edculas, encuentros, laboratorios, son algunos de los hitos que se llevar\u00e1n a cabo.<\/p>\n\n\n\n<p style=\"font-size:17px\">La nueva edici\u00f3n del Foro de las Artes reunir\u00e1 a artistas nacionales e internacionales en escenarios destacados, como la Galer\u00eda Metropolitana en Pedro Aguirre Cerda, las dependencias de la Galer\u00eda CIMA, Balmaceda Arte Joven y el Museo de Arte Popular Americano (MAPA), ubicado en el Centro Cultural Gabriela Mistral, en Santiago.<\/p>\n\n\n\n<p style=\"font-size:17px\"><strong>Algunos destacados&nbsp;<\/strong><\/p>\n\n\n\n<p style=\"font-size:17px\">Los pr\u00f3ximos 14, 15, 21 y 22 de octubre, El Foro de las Artes 2021 desplegar\u00e1 cuatro obras teatrales digitales que abordar\u00e1n temas como el pluriuniverso, el hogar y la crisis sociosanitaria, ciencia ficci\u00f3n y el compa\u00f1erismo.&nbsp;A su vez, el 15 de octubre se transmitir\u00e1 la obra electro\u00e1custica de tipo acusm\u00e1tica \u201cDos mil veinte\u201d, que busca dialogar con lo que se comprende como \u201csentir ciudadano\u201d tras el estallido social y la pandemia.<\/p>\n\n\n\n<p style=\"font-size:17px\">\u201cMemorial rocas\u201d es el nombre de la reconstrucci\u00f3n virtual y social de un balneario popular de trabajadores destruido en dictadura, que ser\u00e1 remontado mediante una app de realidad aumentada por el realizador audiovisual Pepe Rovano.&nbsp;&nbsp;La instancia estar\u00e1 disponible desde el 27 de septiembre hasta el 24 de octubre en la sala Laboratorio del Parque Cultural de Valpara\u00edso, ex c\u00e1rcel y sitio de memoria.<\/p>\n\n\n\n<p style=\"font-size:17px\">Haciendo un viaje a lo musical, se presentar\u00e1 una&nbsp;conversaci\u00f3n con la guitarrista costarricense Nuria Z\u00fa\u00f1iga. La instancia ser\u00e1 presentada el 26 de octubre a las 18 horas a trav\u00e9s del Facebook Live Facultad de Artes y Youtube DICREA U. Chile.<\/p>\n\n\n\n<p style=\"font-size:17px\">Dentro de las otras actividades, se encuentran&nbsp;dos instalaciones sonoras para pensar sobre el cuerpo contempor\u00e1neo; \u201cTin Man\u201d, registro fotogr\u00e1fico para reflexionar sobre las masculinidades; \u201cVigilia\u201d obra de realidad virtual de espacio on\u00edrico que acumula signos y objetos referentes al 25 de octubre; y los pre estrenos de la pel\u00edcula documental \u201cMe gustar\u00eda que vivieras mi juventud de nuevo\u201d, de Nicol\u00e1s Guzm\u00e1n, y la serie \u201cAmor libre\u201d, de Ariel Guerrero.&nbsp;&nbsp;<\/p>\n","protected":false},"excerpt":{"rendered":"<p>La s\u00e9ptima versi\u00f3n del festival organizado por la Universidad de Chile contar\u00e1 con intervenciones presenciales, h\u00edbridas y remotas; todas ellas abiertas a la comunidad y sin costo. El evento se realizar\u00e1 desde el 14 al 30 de octubre en distintos escenarios y contar\u00e1 con artistas nacionales e internacionales.<\/p>\n","protected":false},"author":1,"featured_media":2483,"comment_status":"closed","ping_status":"closed","sticky":false,"template":"","format":"standard","meta":{"footnotes":""},"categories":[10],"tags":[],"class_list":["post-2481","post","type-post","status-publish","format-standard","has-post-thumbnail","hentry","category-cultura"],"_links":{"self":[{"href":"https:\/\/www.semanariolocal.cl\/index.php?rest_route=\/wp\/v2\/posts\/2481","targetHints":{"allow":["GET"]}}],"collection":[{"href":"https:\/\/www.semanariolocal.cl\/index.php?rest_route=\/wp\/v2\/posts"}],"about":[{"href":"https:\/\/www.semanariolocal.cl\/index.php?rest_route=\/wp\/v2\/types\/post"}],"author":[{"embeddable":true,"href":"https:\/\/www.semanariolocal.cl\/index.php?rest_route=\/wp\/v2\/users\/1"}],"replies":[{"embeddable":true,"href":"https:\/\/www.semanariolocal.cl\/index.php?rest_route=%2Fwp%2Fv2%2Fcomments&post=2481"}],"version-history":[{"count":1,"href":"https:\/\/www.semanariolocal.cl\/index.php?rest_route=\/wp\/v2\/posts\/2481\/revisions"}],"predecessor-version":[{"id":2484,"href":"https:\/\/www.semanariolocal.cl\/index.php?rest_route=\/wp\/v2\/posts\/2481\/revisions\/2484"}],"wp:featuredmedia":[{"embeddable":true,"href":"https:\/\/www.semanariolocal.cl\/index.php?rest_route=\/wp\/v2\/media\/2483"}],"wp:attachment":[{"href":"https:\/\/www.semanariolocal.cl\/index.php?rest_route=%2Fwp%2Fv2%2Fmedia&parent=2481"}],"wp:term":[{"taxonomy":"category","embeddable":true,"href":"https:\/\/www.semanariolocal.cl\/index.php?rest_route=%2Fwp%2Fv2%2Fcategories&post=2481"},{"taxonomy":"post_tag","embeddable":true,"href":"https:\/\/www.semanariolocal.cl\/index.php?rest_route=%2Fwp%2Fv2%2Ftags&post=2481"}],"curies":[{"name":"wp","href":"https:\/\/api.w.org\/{rel}","templated":true}]}}