{"id":2478,"date":"2021-10-15T10:09:00","date_gmt":"2021-10-15T13:09:00","guid":{"rendered":"https:\/\/www.semanariolocal.cl\/?p=2478"},"modified":"2021-10-15T11:22:31","modified_gmt":"2021-10-15T14:22:31","slug":"de-producir-a-alimentar","status":"publish","type":"post","link":"https:\/\/www.semanariolocal.cl\/?p=2478","title":{"rendered":"De producir a Alimentar"},"content":{"rendered":"\n<p style=\"font-size:17px\">El cambio clim\u00e1tico y las nuevas preferencias de las personas imponen grandes desaf\u00edos al futuro del sector alimentario. Vivimos una de las peores sequ\u00edas de la historia, sumada a la creciente escasez de suelo productivo y una reducci\u00f3n global de mano de obra para las labores del campo. As\u00ed todo, gracias a los avances tecnol\u00f3gicos y la capacidad de innovaci\u00f3n y emprendimiento que existe en las regiones del pa\u00eds, miramos el futuro con optimismo. Se calcula que al 2050 el mundo tendr\u00e1 cerca de 10 mil millones de habitantes, aumentando el 50% del consumo de alimentos, lo cual es un claro est\u00edmulo a nuestra labor.\u00a0<\/p>\n\n\n\n<p style=\"font-size:17px\">Hace algunas semanas se realiz\u00f3 la Cumbre de Sistemas Alimentarios de la ONU, con el prop\u00f3sito de avanzar hacia la construcci\u00f3n de sistemas productivos m\u00e1s sustentables, agilizando el cumplimiento de los Objetivos de Desarrollo Sostenible (ODS) 2030 y respondiendo a las necesidades que el planeta requiere\u00a0para enfrentar el nuevo escenario clim\u00e1tico, la\u00a0pobreza, el hambre y la malnutrici\u00f3n. A este respecto, nuestro pa\u00eds ha sido l\u00edder regional coordinando acciones entre todos lo actores, incluido el comercio internacional, demostrado que este \u00faltimo es fundamental para garantizar la seguridad alimentaria de la poblaci\u00f3n.\u00a0\u00a0<\/p>\n\n\n\n<p style=\"font-size:17px\">Pero este rol no se puede ejercer de cualquier manera y, por eso, hemos impulsado un cambio de mirada. En plena pandemia visibilizamos el rol cr\u00edtico de la alimentaci\u00f3n, coordinando a los distintos eslabones necesarios para llegar a la mesa de las familias chilenas: productores, trabajadores, transportistas, feriantes, mercados y supermercados; entendiendo que no somos solo un sector econ\u00f3mico, sino que tambi\u00e9n un sector con un alto impacto social y medioambiental. En esta l\u00ednea, hace un tiempo como Gobierno presentamos un proyecto de Ley de nuevo Ministerio, que propone una mirada integral del sistema alimentario nacional, poniendo un especial foco tanto en el desarrollo rural como en el consumidor final.&nbsp;<\/p>\n\n\n\n<p style=\"font-size:17px\">Chile tiene hoy la gran oportunidad de transformarse en un referente a nivel mundial en la producci\u00f3n de alimentos de calidad, saludables e inocuos, con ventajas comparativas excepcionales como la contra temporada, el patrimonio fito y zoosanitario, la amplia red de tratados internacionales, el prestigio de pa\u00eds confiable y, por sobre todo, el compromiso de nuestros productores agr\u00edcolas y forestales con una producci\u00f3n consciente. Es por eso que en torno al D\u00eda Mundial de la Alimentaci\u00f3n seguiremos impulsando la producci\u00f3n sustentable, motor de oportunidades y de mejor calidad de vida para todos los chilenos.&nbsp;<\/p>\n\n\n\n<p><br><strong>Mar\u00eda Emilia Undurraga M.<\/strong><br>Ministra de Agricultura&nbsp;<\/p>\n","protected":false},"excerpt":{"rendered":"<p>El cambio clim\u00e1tico y las nuevas preferencias de las personas imponen grandes desaf\u00edos al futuro del sector alimentario. Vivimos una de las peores sequ\u00edas de la historia, sumada a la creciente escasez de suelo productivo y una reducci\u00f3n global de mano de obra para las labores del campo. As\u00ed todo, gracias a los avances tecnol\u00f3gicos&#8230;<a class=\"btnReadMore\" href=\"https:\/\/www.semanariolocal.cl\/?p=2478\"> Leer M\u00e1s<\/a><\/p>\n","protected":false},"author":1,"featured_media":2479,"comment_status":"closed","ping_status":"closed","sticky":false,"template":"","format":"standard","meta":{"footnotes":""},"categories":[7],"tags":[],"class_list":["post-2478","post","type-post","status-publish","format-standard","has-post-thumbnail","hentry","category-opinion"],"_links":{"self":[{"href":"https:\/\/www.semanariolocal.cl\/index.php?rest_route=\/wp\/v2\/posts\/2478","targetHints":{"allow":["GET"]}}],"collection":[{"href":"https:\/\/www.semanariolocal.cl\/index.php?rest_route=\/wp\/v2\/posts"}],"about":[{"href":"https:\/\/www.semanariolocal.cl\/index.php?rest_route=\/wp\/v2\/types\/post"}],"author":[{"embeddable":true,"href":"https:\/\/www.semanariolocal.cl\/index.php?rest_route=\/wp\/v2\/users\/1"}],"replies":[{"embeddable":true,"href":"https:\/\/www.semanariolocal.cl\/index.php?rest_route=%2Fwp%2Fv2%2Fcomments&post=2478"}],"version-history":[{"count":2,"href":"https:\/\/www.semanariolocal.cl\/index.php?rest_route=\/wp\/v2\/posts\/2478\/revisions"}],"predecessor-version":[{"id":2482,"href":"https:\/\/www.semanariolocal.cl\/index.php?rest_route=\/wp\/v2\/posts\/2478\/revisions\/2482"}],"wp:featuredmedia":[{"embeddable":true,"href":"https:\/\/www.semanariolocal.cl\/index.php?rest_route=\/wp\/v2\/media\/2479"}],"wp:attachment":[{"href":"https:\/\/www.semanariolocal.cl\/index.php?rest_route=%2Fwp%2Fv2%2Fmedia&parent=2478"}],"wp:term":[{"taxonomy":"category","embeddable":true,"href":"https:\/\/www.semanariolocal.cl\/index.php?rest_route=%2Fwp%2Fv2%2Fcategories&post=2478"},{"taxonomy":"post_tag","embeddable":true,"href":"https:\/\/www.semanariolocal.cl\/index.php?rest_route=%2Fwp%2Fv2%2Ftags&post=2478"}],"curies":[{"name":"wp","href":"https:\/\/api.w.org\/{rel}","templated":true}]}}