{"id":24757,"date":"2024-11-15T08:20:00","date_gmt":"2024-11-15T11:20:00","guid":{"rendered":"https:\/\/www.semanariolocal.cl\/?p=24757"},"modified":"2024-11-15T23:16:03","modified_gmt":"2024-11-16T02:16:03","slug":"elencos-de-osorno-puyehue-y-temuco-daran-vida-al-encuentro-fragua-forjando-escena-teatral","status":"publish","type":"post","link":"https:\/\/www.semanariolocal.cl\/?p=24757","title":{"rendered":"Elencos de Osorno, Puyehue y Temuco dar\u00e1n vida al Encuentro Fragua: Forjando Escena Teatral\u00a0"},"content":{"rendered":"\n<p><strong>15 de Noviembre del 2024. <\/strong>La tercera versi\u00f3n del Encuentro de Teatro \u201cFragua\u201d se desarrollar\u00e1 en el Teatro Municipal de Osorno, con funciones gratuitas y la participaci\u00f3n de los Elencos Territorio Disidente de Temuco, Teatro 40 de Universidad de Los Lagos, del Centro Cultural de Osorno, Compa\u00f1\u00eda Sol de Ocaso de Puyehue y la Compa\u00f1\u00eda Mirasur.<\/p>\n\n\n\n<p>El Festival cuenta con el financiamiento del Fondo Comunidad del Gobierno Regional de Los Lagos y del Programa PAOCC del Ministerio de las Culturas, Las Artes y el Patrimonio<\/p>\n\n\n\n<p>Fernando Araneda, Co Director de Territorio Teatral destac\u00f3 esta versi\u00f3n del encuentro Fragua, como una consolidaci\u00f3n de este espacio teatral \u201cprincipalmente por el trabajo constante que est\u00e1n haciendo distintas instituciones, abriendo espacios a la participaci\u00f3n del p\u00fablico en la pr\u00e1ctica teatral.<\/p>\n\n\n\n<p>Son compa\u00f1\u00edas de teatro que se conforman por personas que no se dedican a esto de manera profesional, sino que lo hacen por amor y en este primer a\u00f1o, hemos podido reunir a cinco elencos\u201d<\/p>\n\n\n\n<p>Por su parte, el Gestor Cultural de la Academia de Arte y Cultura de la Universidad de Los Lagos, Diego Gerter indic\u00f3 que es un gran honor ser parte nuevamente de este Encuentro porque \u201cnuestro elenco \u201cEl Lado Oscuro\u201d lleva m\u00e1s de ocho a\u00f1os de trabajo, con estudiantes \u00fanicamente de la Universidad Campus Osorno.<\/p>\n\n\n\n<p>Por supuesto contribuir a la programaci\u00f3n de teatro local, en nuestra ciudad es uno de nuestro principales objetivos y es por eso que llevamos a cabo esta tarea permanente de formar actores y actrices, adem\u00e1s de ofrecer obras a la comunidad que hagan sentido\u201d<\/p>\n\n\n\n<p><strong>La Variada Cartelera de Fragua<\/strong><\/p>\n\n\n\n<p>Las funciones se realizar\u00e1n todos los d\u00edas a las 19:30 hrs desde el Martes 26 hasta el Viernes 29 de Noviembre.<\/p>\n\n\n\n<p>El martes 26 se realizar\u00e1 el lanzamiento oficial del Encuentro y una doble presentaci\u00f3n, primero del Elenco Territorio Disidente con \u201cDis-Okupa: Trozos de Otras Vidas\u201d y luego del Elenco de la Universidad de Los Lagos, con la obra \u201cLa Isla Desierta\u201d.<\/p>\n\n\n\n<p>El mi\u00e9rcoles 27, es el turno del Elenco Teatro 40 del Centro Cultural de Osorno con la Obra \u00bfQui\u00e9n Revolvi\u00f3 el Gallinero?<\/p>\n\n\n\n<p>El jueves 28, se presentar\u00e1 la Compa\u00f1\u00eda Teatro Sol del Ocaso de Puyehue con la obra \u201cLos Jubilados\u201d&nbsp;<\/p>\n\n\n\n<p>Mientras que el Viernes finalizar\u00e1 esta tercera versi\u00f3n de Fragua con \u201cUrgente: Una comedia intrahospitalaria\u201d a cargo de la compa\u00f1\u00eda Teatro Mirasur\u201d.<\/p>\n\n\n\n<p>La entrada es gratuita y solo deben solicitar sus butacas a trav\u00e9s de la web de Territorio Teatral en <a href=\"http:\/\/www.territorioteatral.com\/\" target=\"_blank\" rel=\"noreferrer noopener\">www.territorioteatral.com<\/a>.<\/p>\n\n\n\n<p><\/p>\n","protected":false},"excerpt":{"rendered":"<p>Entre el 26 al 29 de noviembre, el Teatro Municipal de Osorno recibir\u00e1 obras de cinco elencos de Los Lagos y La Araucan\u00eda.<\/p>\n","protected":false},"author":1,"featured_media":24759,"comment_status":"closed","ping_status":"closed","sticky":false,"template":"","format":"standard","meta":{"footnotes":""},"categories":[3,2691,10,9],"tags":[2118,337,273,247,133],"class_list":["post-24757","post","type-post","status-publish","format-standard","has-post-thumbnail","hentry","category-al-dia","category-arte","category-cultura","category-gobierno","tag-semanariolocal","tag-informacion","tag-noticias","tag-region-de-los-lagos","tag-semanario-local"],"_links":{"self":[{"href":"https:\/\/www.semanariolocal.cl\/index.php?rest_route=\/wp\/v2\/posts\/24757","targetHints":{"allow":["GET"]}}],"collection":[{"href":"https:\/\/www.semanariolocal.cl\/index.php?rest_route=\/wp\/v2\/posts"}],"about":[{"href":"https:\/\/www.semanariolocal.cl\/index.php?rest_route=\/wp\/v2\/types\/post"}],"author":[{"embeddable":true,"href":"https:\/\/www.semanariolocal.cl\/index.php?rest_route=\/wp\/v2\/users\/1"}],"replies":[{"embeddable":true,"href":"https:\/\/www.semanariolocal.cl\/index.php?rest_route=%2Fwp%2Fv2%2Fcomments&post=24757"}],"version-history":[{"count":1,"href":"https:\/\/www.semanariolocal.cl\/index.php?rest_route=\/wp\/v2\/posts\/24757\/revisions"}],"predecessor-version":[{"id":24760,"href":"https:\/\/www.semanariolocal.cl\/index.php?rest_route=\/wp\/v2\/posts\/24757\/revisions\/24760"}],"wp:featuredmedia":[{"embeddable":true,"href":"https:\/\/www.semanariolocal.cl\/index.php?rest_route=\/wp\/v2\/media\/24759"}],"wp:attachment":[{"href":"https:\/\/www.semanariolocal.cl\/index.php?rest_route=%2Fwp%2Fv2%2Fmedia&parent=24757"}],"wp:term":[{"taxonomy":"category","embeddable":true,"href":"https:\/\/www.semanariolocal.cl\/index.php?rest_route=%2Fwp%2Fv2%2Fcategories&post=24757"},{"taxonomy":"post_tag","embeddable":true,"href":"https:\/\/www.semanariolocal.cl\/index.php?rest_route=%2Fwp%2Fv2%2Ftags&post=24757"}],"curies":[{"name":"wp","href":"https:\/\/api.w.org\/{rel}","templated":true}]}}