{"id":24754,"date":"2024-11-15T08:00:00","date_gmt":"2024-11-15T11:00:00","guid":{"rendered":"https:\/\/www.semanariolocal.cl\/?p=24754"},"modified":"2024-11-15T23:13:20","modified_gmt":"2024-11-16T02:13:20","slug":"dia-mundial-sin-alcohol-50-de-personas-que-consumen-se-embriago-el-ultimo-mes","status":"publish","type":"post","link":"https:\/\/www.semanariolocal.cl\/?p=24754","title":{"rendered":"D\u00eda Mundial Sin Alcohol: 50% de personas que consumen se embriag\u00f3 el \u00faltimo mes"},"content":{"rendered":"\n<p><strong>15 de noviembre del 2024. <\/strong>M\u00e1s de la mitad de las personas que consumen alcohol admite haberse embriagado al menos una vez en el \u00faltimo mes. Este dato refleja la importancia de generar conciencia sobre los efectos que el uso de alcohol.<\/p>\n\n\n\n<p>En el marco del D\u00eda Mundial Sin Alcohol, impulsado por la Organizaci\u00f3n Mundial de la Salud (OMS), el Servicio Nacional para la Prevenci\u00f3n y Rehabilitaci\u00f3n del Consumo de Drogas y Alcohol (SENDA) busca concientizar sobre los riesgos asociados al consumo de esta sustancia y fomentar conductas responsables.<\/p>\n\n\n\n<p>El alcohol es la sustancia m\u00e1s utilizada en el pa\u00eds, con un 39,2% de la poblaci\u00f3n que declara haberla consumido recientemente. Adem\u00e1s, el 50,7% de quienes beben declara episodios de embriaguez, evidenciando patrones de uso intensivos. &nbsp;Tambi\u00e9n encabeza los ingresos a tratamiento en SENDA, representando el 35,6% del total de casos, superando a drogas como la coca\u00edna o la pasta base.<\/p>\n\n\n\n<p>La directora nacional de SENDA, Natalia Riffo, destac\u00f3 que \u00abel consumo excesivo de alcohol no solo afecta la salud de las personas, sino que genera consecuencias profundas en nuestras comunidades. Desde accidentes de tr\u00e1nsito hasta problemas de salud mental, el impacto es amplio y nos invita a reflexionar sobre c\u00f3mo podemos cambiar nuestros patrones de consumo\u201d.<\/p>\n\n\n\n<p>En Chile, uno de cada diez accidentes de tr\u00e1nsito con consecuencias fatales est\u00e1 asociado a su ingesta en el conductor, lo que resalta la importancia de iniciativas como el programa Tolerancia Cero, coordinado por SENDA en colaboraci\u00f3n con Carabineros.<\/p>\n\n\n\n<p>En ese sentido, hizo un llamado a evitar situaciones de riesgo, subrayando que \u00abel alcohol no debe ser parte de nuestras decisiones si vamos a conducir o realizar actividades que exigen el pleno uso de nuestros sentidos. La responsabilidad es clave para prevenir consecuencias negativas\u201d.<\/p>\n\n\n\n<p>Finalmente, invit\u00f3 a quienes sienten preocupaci\u00f3n por sus consumos a buscar apoyo. \u00abEl Fono Drogas y Alcohol 1412 est\u00e1 disponible para brindar orientaci\u00f3n profesional a quienes lo necesiten\u201d, apunt\u00f3.<\/p>\n\n\n\n<p><strong>Cinco datos clave sobre el consumo de alcohol en Chile:<\/strong><\/p>\n\n\n\n<ul class=\"wp-block-list\">\n<li>M\u00e1s del 50% de las personas que consumen alcohol admite haberse embriagado al menos una vez en el \u00faltimo mes.<\/li>\n\n\n\n<li>En promedio, las personas en Chile consumen 5 tragos por d\u00eda de consumo, superando las recomendaciones de la OMS, que establece un m\u00e1ximo de 1 a 2 tragos por d\u00eda.<\/li>\n\n\n\n<li>Chile ocupa el cuarto lugar en Am\u00e9rica Latina en consumo de alcohol per c\u00e1pita, con 6,7 litros de alcohol puro por persona.<\/li>\n\n\n\n<li>Uno de cada diez accidentes fatales en el pa\u00eds est\u00e1 vinculado al consumo de alcohol en quien conduce<\/li>\n\n\n\n<li>El alcohol es responsable del 35,6% de los ingresos a programas de tratamiento en SENDA.<\/li>\n<\/ul>\n","protected":false},"excerpt":{"rendered":"<p>En el marco de esta conmemoraci\u00f3n, SENDA busca concientizar sobre los riesgos asociados al consumo de esta sustancia y fomentar conductas responsables.<\/p>\n","protected":false},"author":1,"featured_media":24755,"comment_status":"closed","ping_status":"closed","sticky":false,"template":"","format":"standard","meta":{"footnotes":""},"categories":[3,3608,9],"tags":[2118,337,273,247,133],"class_list":["post-24754","post","type-post","status-publish","format-standard","has-post-thumbnail","hentry","category-al-dia","category-estado","category-gobierno","tag-semanariolocal","tag-informacion","tag-noticias","tag-region-de-los-lagos","tag-semanario-local"],"_links":{"self":[{"href":"https:\/\/www.semanariolocal.cl\/index.php?rest_route=\/wp\/v2\/posts\/24754","targetHints":{"allow":["GET"]}}],"collection":[{"href":"https:\/\/www.semanariolocal.cl\/index.php?rest_route=\/wp\/v2\/posts"}],"about":[{"href":"https:\/\/www.semanariolocal.cl\/index.php?rest_route=\/wp\/v2\/types\/post"}],"author":[{"embeddable":true,"href":"https:\/\/www.semanariolocal.cl\/index.php?rest_route=\/wp\/v2\/users\/1"}],"replies":[{"embeddable":true,"href":"https:\/\/www.semanariolocal.cl\/index.php?rest_route=%2Fwp%2Fv2%2Fcomments&post=24754"}],"version-history":[{"count":2,"href":"https:\/\/www.semanariolocal.cl\/index.php?rest_route=\/wp\/v2\/posts\/24754\/revisions"}],"predecessor-version":[{"id":24758,"href":"https:\/\/www.semanariolocal.cl\/index.php?rest_route=\/wp\/v2\/posts\/24754\/revisions\/24758"}],"wp:featuredmedia":[{"embeddable":true,"href":"https:\/\/www.semanariolocal.cl\/index.php?rest_route=\/wp\/v2\/media\/24755"}],"wp:attachment":[{"href":"https:\/\/www.semanariolocal.cl\/index.php?rest_route=%2Fwp%2Fv2%2Fmedia&parent=24754"}],"wp:term":[{"taxonomy":"category","embeddable":true,"href":"https:\/\/www.semanariolocal.cl\/index.php?rest_route=%2Fwp%2Fv2%2Fcategories&post=24754"},{"taxonomy":"post_tag","embeddable":true,"href":"https:\/\/www.semanariolocal.cl\/index.php?rest_route=%2Fwp%2Fv2%2Ftags&post=24754"}],"curies":[{"name":"wp","href":"https:\/\/api.w.org\/{rel}","templated":true}]}}