{"id":24722,"date":"2024-11-14T10:15:00","date_gmt":"2024-11-14T13:15:00","guid":{"rendered":"https:\/\/www.semanariolocal.cl\/?p=24722"},"modified":"2024-11-13T22:46:23","modified_gmt":"2024-11-14T01:46:23","slug":"aula-segura-2-0-estudiantes-sancionados-por-violencia-no-accederan-a-gratuidad-universitaria","status":"publish","type":"post","link":"https:\/\/www.semanariolocal.cl\/?p=24722","title":{"rendered":"Aula Segura 2.0: estudiantes sancionados por violencia no acceder\u00e1n a gratuidad universitaria"},"content":{"rendered":"\n<p><strong>14 de Noviembre del 2024<\/strong>. En el marco de la tramitaci\u00f3n de la Ley de Presupuesto 2025 y la discusi\u00f3n de la partida del Ministerio de Educaci\u00f3n, la C\u00e1mara de Diputados aprob\u00f3 durante esta jornada una indicaci\u00f3n que present\u00f3 la Bancada de la UDI para que todos los estudiantes que sean sancionados por cometer actos graves de violencia durante su etapa escolar no puedan acceder a la gratuidad en la educaci\u00f3n superior.<\/p>\n\n\n\n<p>En concreto, la propuesta ingresada por los parlamentarios gremialistas fue aprobada con 76 votos a favor, 3 abstenciones y 53 en contra, avanzando a su segundo tr\u00e1mite constitucional en el Senado.<\/p>\n\n\n\n<p>Respecto a su detalle, la indicaci\u00f3n -tambi\u00e9n conocida como \u201cAula Segura 2.0\u201d- establece que \u201clos estudiantes que hayan sido sancionados por conductas grav\u00edsimas de violencia durante los dos \u00faltimos a\u00f1os de educaci\u00f3n media, tales como agresiones de car\u00e1cter sexual, agresiones que produzcan lesiones; uso, porte, posesi\u00f3n y tenencia de armas o artefactos incendiarios, no tendr\u00e1n derecho al beneficio de gratuidad universitaria durante el a\u00f1o siguiente a su egreso\u201d.<\/p>\n\n\n\n<p>Lo anterior cobra especial relevancia en medio de los \u00faltimos episodios de violencia que han ocurrido en el pa\u00eds, como la grave situaci\u00f3n que se produjo al interior del Instituto Nacional Barros Arana (INBA), donde 36 estudiantes resultaron gravemente heridos -cuatro de ellos en riesgo vital- tras la manipulaci\u00f3n de bombas molotov, las que posteriormente iban a usarse en manifestaciones.<\/p>\n\n\n\n<p>Los que defendieron la pol\u00e9mica propuesta fueron los diputados de la UDI que integran la comisi\u00f3n de Educaci\u00f3n, Sergio Bobadilla y Eduardo Cornejo, quienes calificaron como \u201cfundamental\u201d poder prohibir el acceso a la educaci\u00f3n superior de los estudiantes sancionados por hechos de violencia.<\/p>\n\n\n\n<p>\u201cEs absolutamente inaceptable e incoherente que un estudiante que ha sido sancionado por cometer este tipo de actos durante la etapa escolar, al siguiente a\u00f1o pueda acceder a la gratuidad en la educaci\u00f3n superior, siendo financiada con los impuestos de todos los chilenos. Una persona que en vez de ir a estudiar se dedica a participar en este tipo de actos, privando a miles de alumnos de su derecho a la educaci\u00f3n, no es merecedor de ning\u00fan otro beneficio estatal. Por eso es que presentamos esta indicaci\u00f3n, para prohibir que todos los estudiantes sancionados por Aula Segura, los famosos \u2018overoles blancos\u2019 y los encapuchados sigan da\u00f1ando el sistema\u201d, se\u00f1alaron los UDI.<\/p>\n\n\n\n<p>En esa misma l\u00ednea, Bobadilla y Cornejo cuestionaron que la diputada Daniela Serrano (PC) haya hecho reserva de constitucionalmente, toda vez que la indicaci\u00f3n incluso fue aprobada por algunos parlamentarios del oficialismo, entre ellos la propia presidenta de la corporaci\u00f3n, Karol Cariola (PC).<\/p>\n\n\n\n<p>\u201cSi queremos realmente proteger la educaci\u00f3n p\u00fablica y sacar del sistema a todos los delincuentes y violentistas, no podemos seguir financi\u00e1ndoles la educaci\u00f3n superior. Es lo m\u00ednimo que podemos hacer en defensa de todos los estudiantes y apoderados que se han sacrificado por acceder a una buena educaci\u00f3n. Por eso es muy lamentable que diputados de gobierno se opongan\u201d, cuestionaron.<\/p>\n","protected":false},"excerpt":{"rendered":"<p>La propuesta ingresada por la Bancada UDI cont\u00f3 con 76 votos a favor, incluyendo el de la presidenta de la corporaci\u00f3n, Karol Cariola (PC), y el de otros parlamentarios del oficialismo.<\/p>\n","protected":false},"author":1,"featured_media":24723,"comment_status":"closed","ping_status":"closed","sticky":false,"template":"","format":"standard","meta":{"footnotes":""},"categories":[3,11,6],"tags":[2118,337,273,247,133],"class_list":["post-24722","post","type-post","status-publish","format-standard","has-post-thumbnail","hentry","category-al-dia","category-educacion","category-politica","tag-semanariolocal","tag-informacion","tag-noticias","tag-region-de-los-lagos","tag-semanario-local"],"_links":{"self":[{"href":"https:\/\/www.semanariolocal.cl\/index.php?rest_route=\/wp\/v2\/posts\/24722","targetHints":{"allow":["GET"]}}],"collection":[{"href":"https:\/\/www.semanariolocal.cl\/index.php?rest_route=\/wp\/v2\/posts"}],"about":[{"href":"https:\/\/www.semanariolocal.cl\/index.php?rest_route=\/wp\/v2\/types\/post"}],"author":[{"embeddable":true,"href":"https:\/\/www.semanariolocal.cl\/index.php?rest_route=\/wp\/v2\/users\/1"}],"replies":[{"embeddable":true,"href":"https:\/\/www.semanariolocal.cl\/index.php?rest_route=%2Fwp%2Fv2%2Fcomments&post=24722"}],"version-history":[{"count":1,"href":"https:\/\/www.semanariolocal.cl\/index.php?rest_route=\/wp\/v2\/posts\/24722\/revisions"}],"predecessor-version":[{"id":24724,"href":"https:\/\/www.semanariolocal.cl\/index.php?rest_route=\/wp\/v2\/posts\/24722\/revisions\/24724"}],"wp:featuredmedia":[{"embeddable":true,"href":"https:\/\/www.semanariolocal.cl\/index.php?rest_route=\/wp\/v2\/media\/24723"}],"wp:attachment":[{"href":"https:\/\/www.semanariolocal.cl\/index.php?rest_route=%2Fwp%2Fv2%2Fmedia&parent=24722"}],"wp:term":[{"taxonomy":"category","embeddable":true,"href":"https:\/\/www.semanariolocal.cl\/index.php?rest_route=%2Fwp%2Fv2%2Fcategories&post=24722"},{"taxonomy":"post_tag","embeddable":true,"href":"https:\/\/www.semanariolocal.cl\/index.php?rest_route=%2Fwp%2Fv2%2Ftags&post=24722"}],"curies":[{"name":"wp","href":"https:\/\/api.w.org\/{rel}","templated":true}]}}