{"id":24718,"date":"2024-11-14T10:10:00","date_gmt":"2024-11-14T13:10:00","guid":{"rendered":"https:\/\/www.semanariolocal.cl\/?p=24718"},"modified":"2024-11-13T22:34:58","modified_gmt":"2024-11-14T01:34:58","slug":"economista-del-banco-mundial-destaca-la-importancia-de-la-educacion-financiera","status":"publish","type":"post","link":"https:\/\/www.semanariolocal.cl\/?p=24718","title":{"rendered":"Economista del Banco Mundial destaca la importancia de la educaci\u00f3n financiera."},"content":{"rendered":"\n<p><strong>14 de noviembre del 2024.<\/strong> Cada vez son m\u00e1s los chilenos que tienen acceso a productos financieros. De acuerdo con cifras de la Comisi\u00f3n para el Mercado Financiero (CMF), el 71% de las personas en el pa\u00eds cuentan con al menos un producto financiero, y en promedio, cada persona tiene tres instrumentos de este tipo, destacando cuentas vistas, cuentas corrientes y tarjetas de cr\u00e9dito. Sin embargo, a pesar de los avances en inclusi\u00f3n financiera, impulsados por el trabajo conjunto entre la banca y el Estado, entre otros actores, las personas siguen estando distantes del lenguaje financiero, lo que a menudo resulta en malas decisiones y perjuicios.<\/p>\n\n\n\n<p>Para abordar estos temas, la Facultad de Econom\u00eda y Negocios de la Universidad de Chile, junto con la Asociaci\u00f3n de Bancos y el Instituto Milenio de Imperfecciones de Mercado y Pol\u00edticas P\u00fablicas (MIPP), organizaron el Seminario Internacional de Educaci\u00f3n Financiera, con la participaci\u00f3n destacada del economista senior del Banco Mundial, Caio Piza.&nbsp;<\/p>\n\n\n\n<p>El experto destac\u00f3 la relevancia de la educaci\u00f3n financiera a nivel global y c\u00f3mo las iniciativas en este campo han tenido un impacto positivo en pa\u00edses como Per\u00fa y Brasil. Piza hizo un llamado a seguir fomentando alianzas entre organizaciones estatales y privadas para cerrar las brechas existentes en el \u00e1mbito financiero en Chile.<\/p>\n\n\n\n<p>\u201cEl alfabetismo financiero no implica ser un experto, pero s\u00ed conocer los escenarios y tomar decisiones adecuadas que nos ayuden a no sobre endeudarnos. Es fundamental mantener el enfoque y poner atenci\u00f3n en la implementaci\u00f3n de programas que capaciten a los docentes, de modo que puedan transferir sus conocimientos a los estudiantes y monitorear los aprendizajes a lo largo del tiempo\u201d, se\u00f1al\u00f3 el economista.<\/p>\n\n\n\n<p>De acuerdo con la Encuesta de Medici\u00f3n de Capacidades Financieras 2023 de la CMF y el Banco de Desarrollo de Am\u00e9rica Latina (CAF), el puntaje de educaci\u00f3n financiera en Chile es de 12,2 superando el umbral de 12 puntos establecido por la OCDE. Sin embargo, este puntaje sigue siendo inferior al promedio de los pa\u00edses miembros de la OCDE, que es de 13. En ese sentido, la alfabetizaci\u00f3n financiera en el pa\u00eds ha disminuido en comparaci\u00f3n con la medici\u00f3n realizada en 2016, cuando Chile alcanz\u00f3 un puntaje de 13,1.<\/p>\n\n\n\n<p>Mat\u00edas Bernier, gerente de estudios de la Asociaci\u00f3n de Bancos (ABIF), destac\u00f3 la pol\u00edtica de educaci\u00f3n financiera promovida por la banca en los \u00faltimos a\u00f1os, cuya principal meta es mejorar el conocimiento financiero de diversos grupos vulnerables. En este contexto, se ha desarrollado el programa Mi Barrio Financiero, en colaboraci\u00f3n con la FEN de la Universidad de Chile, el cual ha impactado a m\u00e1s de 230.000 personas mediante iniciativas como&nbsp;<em>Manos a la Obra,&nbsp;<\/em>con 34 mil emprendedores inscritos en 2023 y 2024<em>;&nbsp;<\/em>el curso para profesores dictado por&nbsp;<em>Saberes Docentes<\/em>&nbsp;y el curso&nbsp;<em>Educaci\u00f3n Financiera para la Ciudadan\u00eda<\/em>, que ha capacitado a m\u00e1s de 30.000 estudiantes de la Universidad de Chile e Inacap.<\/p>\n\n\n\n<p>\u201cMejores decisiones financieras ayudan a obtener mayor bienestar financiero y mental. Hoy el 27% de los trabajadores en Chile son informales y muchos de ellos son microemprendedores, por lo cual es clave seguir capacit\u00e1ndolos y entreg\u00e1ndoles las herramientas necesarias para formalizarse y hacer crecer sus emprendimientos\u201d, aport\u00f3 Jaime Ruiz-Tagle, acad\u00e9mico del Departamento de Econom\u00eda de la FEN y director ejecutivo de Mi Barrio Financiero.<\/p>\n\n\n\n<p>Por su parte, Bernardita Piedrabuena, comisionada de la CMF, subray\u00f3 la importancia de seguir impulsando la educaci\u00f3n financiera, abordando temas clave como el ahorro, el cr\u00e9dito, el manejo de ingresos y los gastos. Tambi\u00e9n, hizo un llamado a utilizar canales formales para acceder al cr\u00e9dito, destacando las alertas ciudadanas implementadas por la Comisi\u00f3n para advertir sobre cr\u00e9ditos fraudulentos y plataformas de inversi\u00f3n no reguladas.<\/p>\n\n\n\n<p>\u201cLas pol\u00edticas que se centran \u00fanicamente en el conocimiento no parecen ser suficientes para un uso adecuado de los servicios y productos financieros. La alta conectividad es una oportunidad, pero tambi\u00e9n exige un comportamiento distinto frente a la oferta digital de servicios y un mayor conocimiento financiero digital\u201d, concluy\u00f3 Piedrabuena.<\/p>\n","protected":false},"excerpt":{"rendered":"<p>Caio Piza, economista senior del Banco Mundial, particip\u00f3 en el Seminario Internacional organizado por la FEN de la Universidad de Chile, la ABIF y el MIPP, aportando una perspectiva global sobre el tema y ejemplos de los beneficios de la alfabetizaci\u00f3n financiera.<\/p>\n","protected":false},"author":1,"featured_media":24719,"comment_status":"closed","ping_status":"closed","sticky":false,"template":"","format":"standard","meta":{"footnotes":""},"categories":[3302,3,12],"tags":[2118,337,273,247,133,2028],"class_list":["post-24718","post","type-post","status-publish","format-standard","has-post-thumbnail","hentry","category-academia","category-al-dia","category-economia","tag-semanariolocal","tag-informacion","tag-noticias","tag-region-de-los-lagos","tag-semanario-local","tag-universidad-de-chile"],"_links":{"self":[{"href":"https:\/\/www.semanariolocal.cl\/index.php?rest_route=\/wp\/v2\/posts\/24718","targetHints":{"allow":["GET"]}}],"collection":[{"href":"https:\/\/www.semanariolocal.cl\/index.php?rest_route=\/wp\/v2\/posts"}],"about":[{"href":"https:\/\/www.semanariolocal.cl\/index.php?rest_route=\/wp\/v2\/types\/post"}],"author":[{"embeddable":true,"href":"https:\/\/www.semanariolocal.cl\/index.php?rest_route=\/wp\/v2\/users\/1"}],"replies":[{"embeddable":true,"href":"https:\/\/www.semanariolocal.cl\/index.php?rest_route=%2Fwp%2Fv2%2Fcomments&post=24718"}],"version-history":[{"count":1,"href":"https:\/\/www.semanariolocal.cl\/index.php?rest_route=\/wp\/v2\/posts\/24718\/revisions"}],"predecessor-version":[{"id":24720,"href":"https:\/\/www.semanariolocal.cl\/index.php?rest_route=\/wp\/v2\/posts\/24718\/revisions\/24720"}],"wp:featuredmedia":[{"embeddable":true,"href":"https:\/\/www.semanariolocal.cl\/index.php?rest_route=\/wp\/v2\/media\/24719"}],"wp:attachment":[{"href":"https:\/\/www.semanariolocal.cl\/index.php?rest_route=%2Fwp%2Fv2%2Fmedia&parent=24718"}],"wp:term":[{"taxonomy":"category","embeddable":true,"href":"https:\/\/www.semanariolocal.cl\/index.php?rest_route=%2Fwp%2Fv2%2Fcategories&post=24718"},{"taxonomy":"post_tag","embeddable":true,"href":"https:\/\/www.semanariolocal.cl\/index.php?rest_route=%2Fwp%2Fv2%2Ftags&post=24718"}],"curies":[{"name":"wp","href":"https:\/\/api.w.org\/{rel}","templated":true}]}}