{"id":24713,"date":"2024-11-14T10:00:00","date_gmt":"2024-11-14T13:00:00","guid":{"rendered":"https:\/\/www.semanariolocal.cl\/?p=24713"},"modified":"2024-11-13T22:35:45","modified_gmt":"2024-11-14T01:35:45","slug":"concurso-de-la-santo-tomas-busca-premiar-el-mejor-pan-de-pascua-de-osorno","status":"publish","type":"post","link":"https:\/\/www.semanariolocal.cl\/?p=24713","title":{"rendered":"Concurso de la Santo Tom\u00e1s busca premiar el mejor Pan de Pascua de Osorno."},"content":{"rendered":"\n<p><strong>14 de Noviembre del 2024.<\/strong> En el marco de celebraci\u00f3n de festividades de fin de a\u00f1o, el Centro de Formaci\u00f3n T\u00e9cnica Santo Tom\u00e1s sede Osorno junto a la Ilustre Municipalidad de Osorno, la C\u00e1mara de Comercio Industrias y Turismo de Osorno, el Hotel Sonesta Osorno, la C\u00e1mara de Turismo de Osorno, Sernatur Los Lagos y con la colaboraci\u00f3n de la productora Sol del Sur, se unieron para organizar por primera vez \u201cDulce Navidad Osorno 2024\u201d con la realizaci\u00f3n de un concurso que buscar\u00e1 premiar entre los participantes las m\u00e1s exquisitas recetas en las categor\u00edas de \u201cMejor Pan de Pascua\u201d, \u201cMejor Galleta de Navidad\u201d y \u201cMejor Cola de Mono\u201d, actividad navide\u00f1a que se desarrollar\u00e1 los d\u00edas 13, 14 y 15 de diciembre en el Boulevard del Hotel Sonesta.<\/p>\n\n\n\n<p>La convocatoria para el concurso es abierta a la comunidad y est\u00e1 dirigida a todo\/a aquel que quisiera participar y que resida en la ciudad de Osorno, ya sean pasteler\u00edas establecidas, emprendedores locales y\/o amantes de la gastronom\u00eda. Por lo dem\u00e1s, la programaci\u00f3n de \u201cDulce Navidad Osorno 2024\u201d tambi\u00e9n considera el desarrollo de otras instancias participativas, como cocinas en vivo y charlas del rubro gastron\u00f3mico, adem\u00e1s de una feria navide\u00f1a con diversos stands de emprendimientos locales.<\/p>\n\n\n\n<p>Sobre el concurso, se refiri\u00f3 el Director de carreras \u00c1rea de Turismo y Gastronom\u00eda del Centro de Formaci\u00f3n T\u00e9cnica Santo Tom\u00e1s Osorno, \u00c1lvaro Sch\u00fcrmann, quien afirm\u00f3 que \u201ca trav\u00e9s de esta actividad se busca generar nuevos espacios que fomenten la convivencia, la creatividad y recuperaci\u00f3n de nuestras tradiciones culinarias. Queremos rescatar recetas familiares de reposter\u00eda y transmitirlas a las nuevas generaciones, fortaleciendo as\u00ed nuestra identidad como territorio marcado por la diversidad cultural que ha enriquecido nuestra cocina y nuestras celebraciones de fin de a\u00f1o. Por esa raz\u00f3n invitamos a la comunidad y emprendedores a participar en las categor\u00edas de la \u201cMejor Galleta de Navidad\u201d, \u201cMejor Pan de Pascua\u201d y \u201cMejor Cola de Mono\u201d de Osorno. Buscamos elegir, de entre quienes participen, a la mejor, m\u00e1s linda y m\u00e1s deliciosa galleta de navidad, el pan de pascua m\u00e1s sabroso y mejor decorado, as\u00ed como tambi\u00e9n la mejor cola de mono\u201d.<\/p>\n\n\n\n<p>Las categor\u00edas \u201cMejor Pan de Pascua\u201d, \u201cMejor Galleta de Navidad\u201d y \u201cMejor Cola de Mono\u201d ser\u00e1n evaluadas por un jurado seleccionado y definido por la comisi\u00f3n organizadora, el cual ser\u00e1 presentado oportunamente y antes del inicio del concurso. Esta evaluaci\u00f3n se llevar\u00e1 a cabo el d\u00eda del concurso, vale decir, el s\u00e1bado 14 diciembre 2024 en la feria navide\u00f1a ubicada en el Boulevard del Hotel Sonesta.<\/p>\n\n\n\n<p>Los ganadores del concurso en las tres categor\u00edas recibir\u00e1n variados premios, entre ellos, un aporte monetario auspiciado por la Municipalidad de Osorno y Productora Sol del Sur, una cena para dos personas en el Hotel Sonesta y una estad\u00eda en Hotel Casa Solaria en Puc\u00f3n.<\/p>\n\n\n\n<p>Las bases para participar de este concurso se pueden retirar en la Oficina de Informaciones Tur\u00edsticas de la Plaza de Armas, de lunes a viernes de 09:30 a 13:30 horas y en la tarde de 15:00 a 17:00 horas, o tambi\u00e9n, en calle Francisco Bilbao 850, piso 5, de lunes a viernes desde las 09:30 hasta las 13:30 horas. En caso de dudas o consultas, llamar al tel\u00e9fono (64) 2226148. Las bases estar\u00e1n disponibles desde el lunes 18 de noviembre hasta el mi\u00e9rcoles 11 de diciembre a las 13:00 horas, aceptando las primeras 30 postulaciones completas por categor\u00eda; posterior a esa fecha y horario no se aceptar\u00e1n m\u00e1s concursantes.<\/p>\n","protected":false},"excerpt":{"rendered":"<p>La iniciativa busca rescatar tradici\u00f3n navide\u00f1a premiando las categor\u00edas de Mejor Pan de Pascua, Mejor Galleta de Navidad y Mejor Cola de Mono.<\/p>\n","protected":false},"author":1,"featured_media":24714,"comment_status":"closed","ping_status":"closed","sticky":false,"template":"","format":"standard","meta":{"footnotes":""},"categories":[3,11],"tags":[2118,337,273,247,74,133,373],"class_list":["post-24713","post","type-post","status-publish","format-standard","has-post-thumbnail","hentry","category-al-dia","category-educacion","tag-semanariolocal","tag-informacion","tag-noticias","tag-region-de-los-lagos","tag-santo-tomas-2","tag-semanario-local","tag-universidad-santo-tomas"],"_links":{"self":[{"href":"https:\/\/www.semanariolocal.cl\/index.php?rest_route=\/wp\/v2\/posts\/24713","targetHints":{"allow":["GET"]}}],"collection":[{"href":"https:\/\/www.semanariolocal.cl\/index.php?rest_route=\/wp\/v2\/posts"}],"about":[{"href":"https:\/\/www.semanariolocal.cl\/index.php?rest_route=\/wp\/v2\/types\/post"}],"author":[{"embeddable":true,"href":"https:\/\/www.semanariolocal.cl\/index.php?rest_route=\/wp\/v2\/users\/1"}],"replies":[{"embeddable":true,"href":"https:\/\/www.semanariolocal.cl\/index.php?rest_route=%2Fwp%2Fv2%2Fcomments&post=24713"}],"version-history":[{"count":2,"href":"https:\/\/www.semanariolocal.cl\/index.php?rest_route=\/wp\/v2\/posts\/24713\/revisions"}],"predecessor-version":[{"id":24721,"href":"https:\/\/www.semanariolocal.cl\/index.php?rest_route=\/wp\/v2\/posts\/24713\/revisions\/24721"}],"wp:featuredmedia":[{"embeddable":true,"href":"https:\/\/www.semanariolocal.cl\/index.php?rest_route=\/wp\/v2\/media\/24714"}],"wp:attachment":[{"href":"https:\/\/www.semanariolocal.cl\/index.php?rest_route=%2Fwp%2Fv2%2Fmedia&parent=24713"}],"wp:term":[{"taxonomy":"category","embeddable":true,"href":"https:\/\/www.semanariolocal.cl\/index.php?rest_route=%2Fwp%2Fv2%2Fcategories&post=24713"},{"taxonomy":"post_tag","embeddable":true,"href":"https:\/\/www.semanariolocal.cl\/index.php?rest_route=%2Fwp%2Fv2%2Ftags&post=24713"}],"curies":[{"name":"wp","href":"https:\/\/api.w.org\/{rel}","templated":true}]}}