{"id":2468,"date":"2021-10-15T06:08:00","date_gmt":"2021-10-15T09:08:00","guid":{"rendered":"https:\/\/www.semanariolocal.cl\/?p=2468"},"modified":"2021-10-15T10:14:34","modified_gmt":"2021-10-15T13:14:34","slug":"harry-jurgensen-por-plebiscitos-dirimentes-no-es-correcto-crear-falsas-ilusiones","status":"publish","type":"post","link":"https:\/\/www.semanariolocal.cl\/?p=2468","title":{"rendered":"Harry J\u00fcrgensen por plebiscitos dirimentes:  \u00abno es correcto crear falsas ilusiones\u00bb"},"content":{"rendered":"\n<p style=\"font-size:17px\">Un llamado a los representantes de la ex Concertaci\u00f3n hizo el convencional del distrito 25, Harry J\u00fcrgensen Caesar; y en especial, aquellos que aprobaron los Plebiscitos Dirimentes, los cuales se realizar\u00edan para resolver las normas constitucionales que en su segunda votaci\u00f3n no consigan los dos tercios de apoyo, pero que s\u00ed superen los tres quintos.<\/p>\n\n\n\n<p style=\"font-size:17px\">Esta decisi\u00f3n \u201cinconstitucional\u201d implic\u00f3 posturas a favor y en contra en el espectro pol\u00edtico, sobre todo en el Poder Legislativo, puesto que esta medida necesitar\u00e1 el respaldo del Parlamento para realizar una reforma constitucional.<\/p>\n\n\n\n<p style=\"font-size:17px\">Es por ello que el convencional y ex intendente de la Regi\u00f3n de Los Lagos, inst\u00f3 aquellos que tienen la representaci\u00f3n parlamentaria a iniciar las gestiones correspondientes para modificar la actual Constituci\u00f3n, \u201cporque de lo contrario mostrar\u00edan la irresponsabilidad pol\u00edtica, ya que est\u00e1n aprobando un sistema de participaci\u00f3n ciudadana que no est\u00e1 sustentada, que se puede convertir simplemente en una ilusi\u00f3n que se est\u00e1 sembrando nuevamente en Chile, y yo no comparto este procedimiento de sembrar expectativas y sobre-expectativas de participaci\u00f3n. Estamos mandatados para escribir una nueva constituci\u00f3n y no para hacer falsas ilusiones ciudadanas\u201d, argument\u00f3 el RN.<\/p>\n\n\n\n<p style=\"font-size:17px\">Adem\u00e1s, llam\u00f3 a que se hagan responsables quienes est\u00e1n a favor y votaron a favor de los plebiscitos dirimentes, \u201cy que no quisieron apoyarnos para presentar el recurso ante la Corte Suprema, porque claramente se est\u00e1n estableciendo normas reglamentarias sobre un tema, sin contar con el sustento constitucional; es decir, no estamos reconociendo los l\u00edmites de nuestro actuar en la Convenci\u00f3n Constitucional y eso es tremendamente peligroso, porque no reconocer esos l\u00edmites significa no reconocer las reglas que nos mandataron y que establece que los que est\u00e1n ah\u00ed est\u00e1n para escribir una Nueva Constituci\u00f3n\u201d, concluy\u00f3 el convencional.<\/p>\n","protected":false},"excerpt":{"rendered":"<p>Un llamado a los representantes de la ex Concertaci\u00f3n hizo el convencional del distrito 25, Harry J\u00fcrgensen Caesar; y en especial, aquellos que aprobaron los Plebiscitos Dirimentes, los cuales se realizar\u00edan para resolver las normas constitucionales que en su segunda votaci\u00f3n no consigan los dos tercios de apoyo, pero que s\u00ed superen los tres quintos&#8230;.<a class=\"btnReadMore\" href=\"https:\/\/www.semanariolocal.cl\/?p=2468\"> Leer M\u00e1s<\/a><\/p>\n","protected":false},"author":1,"featured_media":2469,"comment_status":"closed","ping_status":"closed","sticky":false,"template":"","format":"standard","meta":{"footnotes":""},"categories":[6],"tags":[],"class_list":["post-2468","post","type-post","status-publish","format-standard","has-post-thumbnail","hentry","category-politica"],"_links":{"self":[{"href":"https:\/\/www.semanariolocal.cl\/index.php?rest_route=\/wp\/v2\/posts\/2468","targetHints":{"allow":["GET"]}}],"collection":[{"href":"https:\/\/www.semanariolocal.cl\/index.php?rest_route=\/wp\/v2\/posts"}],"about":[{"href":"https:\/\/www.semanariolocal.cl\/index.php?rest_route=\/wp\/v2\/types\/post"}],"author":[{"embeddable":true,"href":"https:\/\/www.semanariolocal.cl\/index.php?rest_route=\/wp\/v2\/users\/1"}],"replies":[{"embeddable":true,"href":"https:\/\/www.semanariolocal.cl\/index.php?rest_route=%2Fwp%2Fv2%2Fcomments&post=2468"}],"version-history":[{"count":1,"href":"https:\/\/www.semanariolocal.cl\/index.php?rest_route=\/wp\/v2\/posts\/2468\/revisions"}],"predecessor-version":[{"id":2470,"href":"https:\/\/www.semanariolocal.cl\/index.php?rest_route=\/wp\/v2\/posts\/2468\/revisions\/2470"}],"wp:featuredmedia":[{"embeddable":true,"href":"https:\/\/www.semanariolocal.cl\/index.php?rest_route=\/wp\/v2\/media\/2469"}],"wp:attachment":[{"href":"https:\/\/www.semanariolocal.cl\/index.php?rest_route=%2Fwp%2Fv2%2Fmedia&parent=2468"}],"wp:term":[{"taxonomy":"category","embeddable":true,"href":"https:\/\/www.semanariolocal.cl\/index.php?rest_route=%2Fwp%2Fv2%2Fcategories&post=2468"},{"taxonomy":"post_tag","embeddable":true,"href":"https:\/\/www.semanariolocal.cl\/index.php?rest_route=%2Fwp%2Fv2%2Ftags&post=2468"}],"curies":[{"name":"wp","href":"https:\/\/api.w.org\/{rel}","templated":true}]}}