{"id":2465,"date":"2021-10-15T10:07:44","date_gmt":"2021-10-15T13:07:44","guid":{"rendered":"https:\/\/www.semanariolocal.cl\/?p=2465"},"modified":"2021-10-15T10:07:44","modified_gmt":"2021-10-15T13:07:44","slug":"integra-fortalece-espacios-educativos-de-calidad-en-la-region","status":"publish","type":"post","link":"https:\/\/www.semanariolocal.cl\/?p=2465","title":{"rendered":"Integra fortalece espacios educativos de calidad en la regi\u00f3n"},"content":{"rendered":"\n<p style=\"font-size:17px\">Con gran alegr\u00eda recibieron las comunidades educativas las obras de mejoramiento que Fundaci\u00f3n Integra est\u00e1 realizando en 11 jardines infantiles y salas cuna de la regi\u00f3n y que traer\u00e1n importantes beneficios para los m\u00e1s de 500 ni\u00f1os y ni\u00f1as que asisten a dichos establecimientos.<\/p>\n\n\n\n<p style=\"font-size:17px\">La ejecuci\u00f3n de estos proyectos durante el a\u00f1o 2021 significar\u00e1 una inversi\u00f3n total que supera los dos mil doscientos millones de pesos, y que abarcan mejoras tales como la accesibilidad, techumbres, pisos, entre otros.<\/p>\n\n\n\n<p style=\"font-size:17px\">\u201cEstas obras de infraestructura buscan que nuestros jardines infantiles y salas cuna cumplan con todos los requisitos para la obtenci\u00f3n de su Reconocimiento Oficial, lo que sin duda se traduce en entregar una educaci\u00f3n parvularia de calidad para los miles de ni\u00f1os y ni\u00f1as que asisten a nuestros establecimientos en la regi\u00f3n\u201d, explic\u00f3 la directora regional de Integra, Marcela Gallardo.<\/p>\n\n\n\n<p style=\"font-size:17px\">Los establecimientos beneficiados este a\u00f1o corresponden a Lemu Lahu\u00e9n, Los Pastorcitos, Pichi Yampai y Lobito Marinero de Puerto Montt; Los Alevines y Sol Naciente de Cocham\u00f3; Las Colmenitas de Frutillar; Gabriela Mistral de Puqueld\u00f3n; Paula de Ancud y Los Pitufos de Hualaihu\u00e9.<\/p>\n\n\n\n<p style=\"font-size:17px\">La directora regional agreg\u00f3 que \u201clos trabajos desarrollados en estos once jardines son el resultado de un esfuerzo mancomunado de los diferentes departamentos de Fundaci\u00f3n Integra, involucrando diversas gestiones y estudios para obtener los recursos y poder llevar a cabo estos proyectos de mejoras y al mismo tiempo poder continuar con la entrega del servicio educativo para los ni\u00f1os y ni\u00f1as\u201d.<\/p>\n\n\n\n<p style=\"font-size:17px\">Jenny Zamudio, directora de la Sala Cuna Pichi Yampai, mencion\u00f3 que \u201cse est\u00e1 trabajando en la reposici\u00f3n de la escalera de emergencia, que nos permitir\u00e1 poder acceder a v\u00edas de evacuaci\u00f3n m\u00e1s amplias y expeditas, permiti\u00e9ndonos estar a\u00fan m\u00e1s preparados y seguros frente a una eventual emergencia. Como equipo educativo estas obras nos generan tranquilidad y confianza, porque regresaremos a trabajar a una sala cuna renovada para recibir a nuestros ni\u00f1os y ni\u00f1as\u00bb.<\/p>\n\n\n\n<p style=\"font-size:17px\">Por su parte, Ana Berger, directora del Jard\u00edn Infantil y Sala Cuna Lemu Lahu\u00e9n, emplazado en el sector Alerce Hist\u00f3rico, y cuyas obras se iniciaron recientemente, expres\u00f3 que \u201csentimos una gran felicidad por todos los cambios y arreglos que se ver\u00e1n reflejados con esta mitigaci\u00f3n, mejorando as\u00ed la infraestructura de nuestro establecimiento y la posibilidad de entregar nuevos y mejores aprendizajes a nuestros ni\u00f1os y ni\u00f1as. Adem\u00e1s, agradeci\u00f3 el trabajo conjunto de la instituci\u00f3n, el equipo del jard\u00edn y las familias para colaborar en este proceso.<\/p>\n\n\n\n<p style=\"font-size:17px\">Fundaci\u00f3n Integra cuenta con 110 jardines infantiles, salas cuna y modalidades no convencionales en la regi\u00f3n. Para las familias interesadas en matricular a sus hijos e hijas en alguno de los establecimientos, pueden contactarse al n\u00famero +56 935594331, al correo&nbsp;<a href=\"mailto:ncastroo@integra.cl\" target=\"_blank\" rel=\"noreferrer noopener\">ncastroo@integra.cl<\/a>&nbsp;o bien acudir directamente al jard\u00edn o sala cuna de su preferencia.<\/p>\n","protected":false},"excerpt":{"rendered":"<p>Los proyectos de mejoramiento en infraestructura significar\u00e1n una inversi\u00f3n sobre los 2 mil millones de pesos, beneficiando a m\u00e1s de 500 ni\u00f1os y ni\u00f1as de seis comunas.<\/p>\n","protected":false},"author":1,"featured_media":2466,"comment_status":"closed","ping_status":"closed","sticky":false,"template":"","format":"standard","meta":{"footnotes":""},"categories":[3,11],"tags":[],"class_list":["post-2465","post","type-post","status-publish","format-standard","has-post-thumbnail","hentry","category-al-dia","category-educacion"],"_links":{"self":[{"href":"https:\/\/www.semanariolocal.cl\/index.php?rest_route=\/wp\/v2\/posts\/2465","targetHints":{"allow":["GET"]}}],"collection":[{"href":"https:\/\/www.semanariolocal.cl\/index.php?rest_route=\/wp\/v2\/posts"}],"about":[{"href":"https:\/\/www.semanariolocal.cl\/index.php?rest_route=\/wp\/v2\/types\/post"}],"author":[{"embeddable":true,"href":"https:\/\/www.semanariolocal.cl\/index.php?rest_route=\/wp\/v2\/users\/1"}],"replies":[{"embeddable":true,"href":"https:\/\/www.semanariolocal.cl\/index.php?rest_route=%2Fwp%2Fv2%2Fcomments&post=2465"}],"version-history":[{"count":1,"href":"https:\/\/www.semanariolocal.cl\/index.php?rest_route=\/wp\/v2\/posts\/2465\/revisions"}],"predecessor-version":[{"id":2467,"href":"https:\/\/www.semanariolocal.cl\/index.php?rest_route=\/wp\/v2\/posts\/2465\/revisions\/2467"}],"wp:featuredmedia":[{"embeddable":true,"href":"https:\/\/www.semanariolocal.cl\/index.php?rest_route=\/wp\/v2\/media\/2466"}],"wp:attachment":[{"href":"https:\/\/www.semanariolocal.cl\/index.php?rest_route=%2Fwp%2Fv2%2Fmedia&parent=2465"}],"wp:term":[{"taxonomy":"category","embeddable":true,"href":"https:\/\/www.semanariolocal.cl\/index.php?rest_route=%2Fwp%2Fv2%2Fcategories&post=2465"},{"taxonomy":"post_tag","embeddable":true,"href":"https:\/\/www.semanariolocal.cl\/index.php?rest_route=%2Fwp%2Fv2%2Ftags&post=2465"}],"curies":[{"name":"wp","href":"https:\/\/api.w.org\/{rel}","templated":true}]}}