{"id":2462,"date":"2021-10-15T09:48:59","date_gmt":"2021-10-15T12:48:59","guid":{"rendered":"https:\/\/www.semanariolocal.cl\/?p=2462"},"modified":"2021-10-15T09:48:59","modified_gmt":"2021-10-15T12:48:59","slug":"acusacion-constitucional-contra-pinera-en-su-contexto-historico-y-escenario-actual","status":"publish","type":"post","link":"https:\/\/www.semanariolocal.cl\/?p=2462","title":{"rendered":"Acusaci\u00f3n constitucional contra Pi\u00f1era en su contexto hist\u00f3rico y escenario actual"},"content":{"rendered":"\n<p style=\"font-size:17px\">Ya se definieron los integrantes de la comisi\u00f3n revisora a cargo de la acusaci\u00f3n constitucional contra el presidente Sebasti\u00e1n Pi\u00f1era. Se trata de los diputados Maya Fern\u00e1ndez, Paulina N\u00fa\u00f1ez, Virginia Troncoso, Florcita Alarc\u00f3n y Pepe Auth.<\/p>\n\n\n\n<p style=\"font-size:17px\">\u201cHay razones suficientes para mostrar que el presidente ha denostado la honra del pa\u00eds\u201d, sostuvo la polit\u00f3loga y acad\u00e9mica de la Usach, Pamela Figueroa, explicando las razones en que haya salido adelante esta acusaci\u00f3n.<\/p>\n\n\n\n<p style=\"font-size:17px\">Respecto al escenario, fue clara. \u201cLa situaci\u00f3n es bastante compleja, estamos en un momento de elecciones presidenciales y eso puede afectar a\u00fan m\u00e1s a la candidatura del oficialismo\u201d, se\u00f1al\u00f3.<\/p>\n\n\n\n<p style=\"font-size:17px\">Finalmente, reflexion\u00f3 sobre la defensa que ha tenido el gobierno. \u201cPersonaliz\u00f3 todo en la defensa de Sebasti\u00e1n Pi\u00f1era, m\u00e1s que defender la institucionalidad de la presidencia y el poder ejecutivo, ha mostrado una actitud bastante err\u00e1tica. En vez de ir cerrando los conflictos, est\u00e1 abriendo los conflictos\u201d.<\/p>\n\n\n\n<p style=\"font-size:17px\"><strong>El contexto hist\u00f3rico<\/strong><\/p>\n\n\n\n<p style=\"font-size:17px\">Para Cristina Moyano, decana de la Facultad de Humanidades e historiadora de la Universidad de Santiago, esta acusaci\u00f3n constitucional representa todo un hito para el pa\u00eds.<\/p>\n\n\n\n<p style=\"font-size:17px\">\u201cEs uno de los pocos presidentes que ha sido acusado en ejercicio, la primera vez fue a Carlos Ib\u00e1\u00f1ez del Campo en 1956, acusaci\u00f3n que fue rechazada. En el caso de las otras, los presidentes ya no estaban en ejercicio\u201d, record\u00f3, haciendo hincapi\u00e9 en Alessandri Palma y el propio del Campo en ese \u00faltimo punto. De hecho, fue solo la del a\u00f1o 1931 contra Ib\u00e1\u00f1ez la que fue aceptada, producto de las violaciones sistem\u00e1ticas a los derechos humanos.<\/p>\n\n\n\n<p style=\"font-size:17px\">Sobre el marco en que se da, sostuvo que \u201cllega con un deteriorado gobierno en su gesti\u00f3n y popularidad, en pleno contexto de reforma constitucional que vino tras un estallido social que ten\u00eda como componente el tema de los privilegios de algunos sobre otros\u201d.<\/p>\n\n\n\n<p style=\"font-size:17px\">\u201cSe vienen d\u00edas complejos porque la apertura de oficio viene a indicar que hay nuevos antecedentes que ameritan una investigaci\u00f3n y el escenario pol\u00edtico no favorece al presidente\u201d, cerr\u00f3.<\/p>\n","protected":false},"excerpt":{"rendered":"<p>La polit\u00f3loga y acad\u00e9mica de la Usach, Pamela Figueroa, junto a la decana de la Facultad de Humanidades de la Universidad de Santiago, Cristina Moyano, profundizan sobre el car\u00e1cter de esta acusaci\u00f3n contra el mandatario.<\/p>\n","protected":false},"author":1,"featured_media":2463,"comment_status":"closed","ping_status":"closed","sticky":false,"template":"","format":"standard","meta":{"footnotes":""},"categories":[6],"tags":[],"class_list":["post-2462","post","type-post","status-publish","format-standard","has-post-thumbnail","hentry","category-politica"],"_links":{"self":[{"href":"https:\/\/www.semanariolocal.cl\/index.php?rest_route=\/wp\/v2\/posts\/2462","targetHints":{"allow":["GET"]}}],"collection":[{"href":"https:\/\/www.semanariolocal.cl\/index.php?rest_route=\/wp\/v2\/posts"}],"about":[{"href":"https:\/\/www.semanariolocal.cl\/index.php?rest_route=\/wp\/v2\/types\/post"}],"author":[{"embeddable":true,"href":"https:\/\/www.semanariolocal.cl\/index.php?rest_route=\/wp\/v2\/users\/1"}],"replies":[{"embeddable":true,"href":"https:\/\/www.semanariolocal.cl\/index.php?rest_route=%2Fwp%2Fv2%2Fcomments&post=2462"}],"version-history":[{"count":1,"href":"https:\/\/www.semanariolocal.cl\/index.php?rest_route=\/wp\/v2\/posts\/2462\/revisions"}],"predecessor-version":[{"id":2464,"href":"https:\/\/www.semanariolocal.cl\/index.php?rest_route=\/wp\/v2\/posts\/2462\/revisions\/2464"}],"wp:featuredmedia":[{"embeddable":true,"href":"https:\/\/www.semanariolocal.cl\/index.php?rest_route=\/wp\/v2\/media\/2463"}],"wp:attachment":[{"href":"https:\/\/www.semanariolocal.cl\/index.php?rest_route=%2Fwp%2Fv2%2Fmedia&parent=2462"}],"wp:term":[{"taxonomy":"category","embeddable":true,"href":"https:\/\/www.semanariolocal.cl\/index.php?rest_route=%2Fwp%2Fv2%2Fcategories&post=2462"},{"taxonomy":"post_tag","embeddable":true,"href":"https:\/\/www.semanariolocal.cl\/index.php?rest_route=%2Fwp%2Fv2%2Ftags&post=2462"}],"curies":[{"name":"wp","href":"https:\/\/api.w.org\/{rel}","templated":true}]}}