{"id":2459,"date":"2021-10-15T09:43:57","date_gmt":"2021-10-15T12:43:57","guid":{"rendered":"https:\/\/www.semanariolocal.cl\/?p=2459"},"modified":"2021-10-15T09:43:58","modified_gmt":"2021-10-15T12:43:58","slug":"anuncian-primer-encuentro-internacional-de-emprendimiento-e-innovacion","status":"publish","type":"post","link":"https:\/\/www.semanariolocal.cl\/?p=2459","title":{"rendered":"Anuncian Primer encuentro internacional de emprendimiento e innovaci\u00f3n"},"content":{"rendered":"\n<p style=\"font-size:17px\">Tras firmar un acuerdo de colaboraci\u00f3n, Corporaci\u00f3n Emprende Tu Mente (EtM) y la Corporaci\u00f3n de Fomento de la Producci\u00f3n (Corfo) anunciaron la puesta en marcha del primer Encuentro Internacional de Emprendimiento e Innovaci\u00f3n, que hoy abre sus postulaciones.&nbsp;<\/p>\n\n\n\n<p style=\"font-size:17px\">Esta iniciativa ser\u00e1 completamente gratuita y, si las condiciones sanitarias lo permiten, busca convocar a las principales empresas del pa\u00eds y unirlas con cientos de emprendedores en variadas actividades y din\u00e1micas de networking que estar\u00e1n desarroll\u00e1ndose de manera simult\u00e1nea los d\u00edas 10 y 11 de diciembre 2021.<\/p>\n\n\n\n<p style=\"font-size:17px\">\u201cEstamos muy contentos de tener finalmente una fecha para nuestro evento que espera materializar muchos de los encuentros virtuales que hemos logrado durante el \u00faltimo a\u00f1o. Sabemos que ser\u00e1 todo un \u00e9xito, pues hemos trabajado para cumplir con todas de las expectativas que tienen los emprendedores y las empresas que esperaban esta oportunidad\u201d, comenta el co-fundador de EtMday.org, Daniel Daccarett.<\/p>\n\n\n\n<p style=\"font-size:17px\">Por su parte, el vicepresidente ejecutivo de la Corfo, Pablo Terrazas, agreg\u00f3: \u201cQueremos volver a encontrarnos con nuestros emprendedores y startups como lo hac\u00edamos antes de la pandemia. Esperamos poder realizar este encuentro que, sin duda, nos ayudar\u00e1 a conectar a todas las puntas para hacer crecer este ecosistema, por eso invitamos a todas las empresas, organizaciones, fondos de inversi\u00f3n y m\u00e1s, a participar de esta actividad que nos ayudar\u00e1 a transformar a Chile en el principal hub de inversi\u00f3n, emprendimiento e innovaci\u00f3n de Latinoam\u00e9rica\u201d.<\/p>\n\n\n\n<p style=\"font-size:17px\">Quienes deseen participar del Encuentro deben postular en <a href=\"about:blank\"><strong>www.etmday.org<\/strong><\/a>,&nbsp; y seleccionar en qu\u00e9 calidad lo desean hacer: asistir como p\u00fablico general, exponer en uno de los 80 stand gratuitos, ser uno de los <em>speaker<\/em> o para tener un espacio en la zona denominada \u201cEcosistema de Emprendimiento e Innovaci\u00f3n chileno\u201d. Si bien todas las actividades son gratuitas, los participantes deben pasar por esta postulaci\u00f3n para poder organizar de forma eficiente el evento y cumplir con los aforos permitidos por el Ministerio de Salud.<\/p>\n\n\n\n<p style=\"font-size:17px\"><strong>EtM<\/strong><em>day<\/em> contar\u00e1 con la presencia de alguno de los empresarios m\u00e1s destacados del pa\u00eds que est\u00e1n comprometidos con el emprendimiento y la innovaci\u00f3n, y quienes ya participan en actividades de Emprende Tu Mente donando tiempo para tener reuniones virtuales en su plataforma EtMmeet.org.<\/p>\n\n\n\n<p style=\"font-size:17px\">Adem\u00e1s, hasta hoy, el evento cuenta con el apoyo de empresas como EY, Garces Fruits, Transbank Wind Garage Copec, Caja Los Andes y Banco BCI y BCI Seguros.<\/p>\n\n\n\n<p style=\"font-size:17px\"><strong><u>Sobre EtMmeet<\/u><\/strong><\/p>\n\n\n\n<p style=\"font-size:17px\">A principios de este a\u00f1o de pandemia, Emprende Tu Mente lanz\u00f3 la plataforma <strong>EtM<\/strong><em>meet <\/em>(<a href=\"about:blank\">www.etmmeet.org<\/a> ) que busca apoyar y generar contactos para los emprendedores y agregar valor a las grandes empresas en busca de innovaci\u00f3n. Gracias a eso, la plataforma ha generado m\u00e1s de 1.500 reuniones virtuales de 20 minutos cada una, entre emprendedores y empresarios, concretando cierre de negocios, inversiones, acuerdos, mentor\u00edas e interesantes espacios de conversaci\u00f3n en torno a este tema.<\/p>\n","protected":false},"excerpt":{"rendered":"<p>Se trata de EtMday, instancia 100% gratuita que, si las condiciones sanitarias lo permiten, se realizar\u00e1 el pr\u00f3ximo 10 y 11 de diciembre en el Estadio Las Condes de Corfo, y que busca reunir a los principales actores del ecosistema emprendedor. <\/p>\n","protected":false},"author":1,"featured_media":2460,"comment_status":"closed","ping_status":"closed","sticky":false,"template":"","format":"standard","meta":{"footnotes":""},"categories":[12],"tags":[],"class_list":["post-2459","post","type-post","status-publish","format-standard","has-post-thumbnail","hentry","category-economia"],"_links":{"self":[{"href":"https:\/\/www.semanariolocal.cl\/index.php?rest_route=\/wp\/v2\/posts\/2459","targetHints":{"allow":["GET"]}}],"collection":[{"href":"https:\/\/www.semanariolocal.cl\/index.php?rest_route=\/wp\/v2\/posts"}],"about":[{"href":"https:\/\/www.semanariolocal.cl\/index.php?rest_route=\/wp\/v2\/types\/post"}],"author":[{"embeddable":true,"href":"https:\/\/www.semanariolocal.cl\/index.php?rest_route=\/wp\/v2\/users\/1"}],"replies":[{"embeddable":true,"href":"https:\/\/www.semanariolocal.cl\/index.php?rest_route=%2Fwp%2Fv2%2Fcomments&post=2459"}],"version-history":[{"count":1,"href":"https:\/\/www.semanariolocal.cl\/index.php?rest_route=\/wp\/v2\/posts\/2459\/revisions"}],"predecessor-version":[{"id":2461,"href":"https:\/\/www.semanariolocal.cl\/index.php?rest_route=\/wp\/v2\/posts\/2459\/revisions\/2461"}],"wp:featuredmedia":[{"embeddable":true,"href":"https:\/\/www.semanariolocal.cl\/index.php?rest_route=\/wp\/v2\/media\/2460"}],"wp:attachment":[{"href":"https:\/\/www.semanariolocal.cl\/index.php?rest_route=%2Fwp%2Fv2%2Fmedia&parent=2459"}],"wp:term":[{"taxonomy":"category","embeddable":true,"href":"https:\/\/www.semanariolocal.cl\/index.php?rest_route=%2Fwp%2Fv2%2Fcategories&post=2459"},{"taxonomy":"post_tag","embeddable":true,"href":"https:\/\/www.semanariolocal.cl\/index.php?rest_route=%2Fwp%2Fv2%2Ftags&post=2459"}],"curies":[{"name":"wp","href":"https:\/\/api.w.org\/{rel}","templated":true}]}}