{"id":2456,"date":"2021-10-15T09:40:29","date_gmt":"2021-10-15T12:40:29","guid":{"rendered":"https:\/\/www.semanariolocal.cl\/?p=2456"},"modified":"2021-10-15T09:40:29","modified_gmt":"2021-10-15T12:40:29","slug":"debate-de-expertos-como-construir-una-agenda-comercial-multilateral-sostenible","status":"publish","type":"post","link":"https:\/\/www.semanariolocal.cl\/?p=2456","title":{"rendered":"Debate de Expertos : \u00bf C\u00f3mo construir una agenda comercial multilateral sostenible ?"},"content":{"rendered":"\n<p style=\"font-size:17px\">Organizado por la Subsecretar\u00eda de Relaciones Econ\u00f3micas Internacionales (SUBREI), hoy se realiz\u00f3 el webinar \u201cConstruyendo una agenda comercial multilateral m\u00e1s sostenible\u201d, en donde se abord\u00f3 c\u00f3mo los temas comerciales y ambientales pueden apoyarse mutuamente en la elaboraci\u00f3n de una agenda multilateral, y promover el desarrollo de un comercio sostenible que haga frente a los desaf\u00edos globales medioambientales.<\/p>\n\n\n\n<p style=\"font-size:17px\">La actividad, que fue moderada por el embajador de Chile ante la OMC, Mathias Francke, cont\u00f3 con la participaci\u00f3n de destacados expertos, como Aik Hoe Lim, director Divisi\u00f3n Comercio y Medioambiente de la Organizaci\u00f3n Mundial del Comercio (OMC); Alice Tipping, encargada de Comercio Sustentable del International Institute for Sustainable Development (IISD); Guillermo Gonz\u00e1lez, jefe de Econom\u00eda Circular del Ministerio del Medio Ambiente de Chile; y Antonia Biggs, gerenta general de la Asociaci\u00f3n Nacional de la Industria del Reciclaje (ANIR).<\/p>\n\n\n\n<p style=\"font-size:17px\">En sus palabras de inicio, la directora general de Asuntos Econ\u00f3micos Multilaterales (s) de la SUBREI, Ang\u00e9lica Romero, destac\u00f3 que \u201cel comercio internacional contribuye al desarrollo econ\u00f3mico de los pa\u00edses, y el comercio exterior tiene un rol fundamental en la reactivaci\u00f3n econ\u00f3mica. Sin embargo, dicha activaci\u00f3n econ\u00f3mica debe ser llevada a cabo bajo un enfoque inclusivo y sostenible. Por ello, es imprescindible contar con una agenda comercial sostenible que cuente con iniciativas que sean abordadas en el plano multilateral\u201d.<\/p>\n\n\n\n<p style=\"font-size:17px\">Los panelistas del evento convergieron en que actualmente el mundo ha tomado mayor conciencia de la din\u00e1mica entre comercio, sostenibilidad y medioambiente, lo cual ha permitido que estos temas se aborden en diversos foros internacionales, especialmente en la OMC, que es el foro multilateral para abordar desde una perspectiva comercial los desaf\u00edos globales ligados al desarrollo sostenible y cambio clim\u00e1tico.<\/p>\n\n\n\n<p style=\"font-size:17px\">Durante la conversaci\u00f3n, se resalt\u00f3 el trabajo que est\u00e1 haciendo el Comit\u00e9 de Medioambiente de la OMC, el Di\u00e1logo Estructurado en materia de Comercio y Sostenibilidad (TESSD, por sus siglas en ingl\u00e9s), las actuales negociaciones en materia de subsidios a la pesca, el di\u00e1logo en materia de comercio de pl\u00e1sticos, la eliminaci\u00f3n de los subsidios a los combustibles, entre otros; todas iniciativas que van en directo beneficio del cumplimiento de los Objetivos de Desarrollo Sostenible.<\/p>\n\n\n\n<p style=\"font-size:17px\">Tambi\u00e9n, se resalt\u00f3 el trabajo que ha realizado Chile en materia medioambiental, en particular en lo relativo a la econom\u00eda circular y contaminaci\u00f3n de pl\u00e1sticos. Dichas iniciativas buscan superar la l\u00f3gica de una econom\u00eda lineal y de descarte, y que para ello se requiere contar con un \u201cparaguas\u201d general m\u00e1s amplio que permita el desarrollo de iniciativas bajo la agenda clim\u00e1tica.<\/p>\n\n\n\n<p style=\"font-size:17px\">En sus palabras de cierre, el embajador Francke, agradeci\u00f3 la participaci\u00f3n de los panelistas, y destac\u00f3 que \u201cChile participa activamente en los debates estructurados sobre comercio y sostenibilidad ambiental y sobre reforma a las subvenciones a los combustibles f\u00f3siles que actualmente se llevan a cabo en la OMC y espera unirse pronto al di\u00e1logo informal sobre contaminaci\u00f3n por pl\u00e1sticos\u201d. A\u00f1adi\u00f3 que en estos temas resulta fundamental la cooperaci\u00f3n entre el sector p\u00fablico, el sector privado, los think tanks, la sociedad civil y las organizaciones internacionales.<\/p>\n","protected":false},"excerpt":{"rendered":"<p>Organizado por la Subsecretar\u00eda de Relaciones Econ\u00f3micas Internacionales (SUBREI), hoy se realiz\u00f3 el webinar \u201cConstruyendo una agenda comercial multilateral m\u00e1s sostenible\u201d, en donde se abord\u00f3 c\u00f3mo los temas comerciales y ambientales pueden apoyarse mutuamente en la elaboraci\u00f3n de una agenda multilateral, y promover el desarrollo de un comercio sostenible que haga frente a los desaf\u00edos&#8230;<a class=\"btnReadMore\" href=\"https:\/\/www.semanariolocal.cl\/?p=2456\"> Leer M\u00e1s<\/a><\/p>\n","protected":false},"author":1,"featured_media":2457,"comment_status":"closed","ping_status":"closed","sticky":false,"template":"","format":"standard","meta":{"footnotes":""},"categories":[12],"tags":[],"class_list":["post-2456","post","type-post","status-publish","format-standard","has-post-thumbnail","hentry","category-economia"],"_links":{"self":[{"href":"https:\/\/www.semanariolocal.cl\/index.php?rest_route=\/wp\/v2\/posts\/2456","targetHints":{"allow":["GET"]}}],"collection":[{"href":"https:\/\/www.semanariolocal.cl\/index.php?rest_route=\/wp\/v2\/posts"}],"about":[{"href":"https:\/\/www.semanariolocal.cl\/index.php?rest_route=\/wp\/v2\/types\/post"}],"author":[{"embeddable":true,"href":"https:\/\/www.semanariolocal.cl\/index.php?rest_route=\/wp\/v2\/users\/1"}],"replies":[{"embeddable":true,"href":"https:\/\/www.semanariolocal.cl\/index.php?rest_route=%2Fwp%2Fv2%2Fcomments&post=2456"}],"version-history":[{"count":1,"href":"https:\/\/www.semanariolocal.cl\/index.php?rest_route=\/wp\/v2\/posts\/2456\/revisions"}],"predecessor-version":[{"id":2458,"href":"https:\/\/www.semanariolocal.cl\/index.php?rest_route=\/wp\/v2\/posts\/2456\/revisions\/2458"}],"wp:featuredmedia":[{"embeddable":true,"href":"https:\/\/www.semanariolocal.cl\/index.php?rest_route=\/wp\/v2\/media\/2457"}],"wp:attachment":[{"href":"https:\/\/www.semanariolocal.cl\/index.php?rest_route=%2Fwp%2Fv2%2Fmedia&parent=2456"}],"wp:term":[{"taxonomy":"category","embeddable":true,"href":"https:\/\/www.semanariolocal.cl\/index.php?rest_route=%2Fwp%2Fv2%2Fcategories&post=2456"},{"taxonomy":"post_tag","embeddable":true,"href":"https:\/\/www.semanariolocal.cl\/index.php?rest_route=%2Fwp%2Fv2%2Ftags&post=2456"}],"curies":[{"name":"wp","href":"https:\/\/api.w.org\/{rel}","templated":true}]}}