{"id":24524,"date":"2024-11-07T10:30:00","date_gmt":"2024-11-07T13:30:00","guid":{"rendered":"https:\/\/www.semanariolocal.cl\/?p=24524"},"modified":"2024-11-07T22:16:40","modified_gmt":"2024-11-08T01:16:40","slug":"diputados-udi-critican-defensa-de-valdes-y-advierten-eventual-cancelacion-de-la-visa-waiver","status":"publish","type":"post","link":"https:\/\/www.semanariolocal.cl\/?p=24524","title":{"rendered":"Parlamentarios de la Udi cuestionan permanencia de Embajador Vald\u00e9s"},"content":{"rendered":"\n<p><strong>07 de Noviembre del 2024.<\/strong> Los diputados de la Bancada UDI que integran la comisi\u00f3n de Relaciones Exteriores de la C\u00e1mara Baja, Cristi\u00e1n Labb\u00e9 y Cristhian Moreira, cuestionaron los argumentos que entreg\u00f3 el embajador de Chile en Estados Unidos, Juan Gabriel Vald\u00e9s, justificando que durante el reciente proceso electoral norteamericano haya asistido a la Convenci\u00f3n Nacional que realiz\u00f3 el Partido Dem\u00f3crata en agosto de este a\u00f1o, donde proclamaron como candidata presidencial a la vicepresidente Kamala Harris.<\/p>\n\n\n\n<p>Al respecto, cabe recordar que tras confirmarse el triunfo de Donald Trump en los comicios, los parlamentarios gremialistas llamaron al Presidente Gabriel Boric a evaluar la continuidad del embajador en EE.UU, recordando tambi\u00e9n que durante el a\u00f1o 2020 emiti\u00f3 distintas declaraciones en contra del presidente electo, lo que a juicio de ellos podr\u00eda afectar las relaciones diplom\u00e1ticas.<\/p>\n\n\n\n<p>Pero adem\u00e1s de advertir sobre el impacto que podr\u00eda existir en los intereses del pa\u00eds, los diputados Labb\u00e9 y Moreira tambi\u00e9n se refirieron a la posibilidad de que Estados Unidos cancele el programa de Visa Waiver que mantiene con Chile, tal como se ha venido rumoreando, asegurando que de ser as\u00ed \u201cla responsabilidad ser\u00e1 del actual Gobierno, la Canciller\u00eda y, por cierto, del embajador Vald\u00e9s\u201d.<\/p>\n\n\n\n<p>\u201cEs muy lamentable que el actual embajador de Chile no dimensione la importancia del cargo que ocupa en este minuto. M\u00e1s all\u00e1 de qui\u00e9n gan\u00f3 la elecci\u00f3n presidencial en Estados Unidos, lo m\u00e1s importante es que el Presidente Boric y sus representantes diplom\u00e1ticos privilegien los intereses de nuestro pa\u00eds por sobre cualquier otra consideraci\u00f3n. Y si en el pasado las actuales autoridades tuvieron una posici\u00f3n hostil y contraria con el presidente electo, es absolutamente inentendible que en este minuto sigan persistiendo y justificando esa postura\u201d, cuestionaron los parlamentarios UDI.<\/p>\n\n\n\n<p>Por lo mismo, Labb\u00e9 y Moreira criticaron que el embajador Vald\u00e9s, adem\u00e1s de haber defendido sus actuaciones en el pasado, haya minimizado la posibilidad de que se cancele el programa de exenci\u00f3n, al se\u00f1alar esta ma\u00f1ana que \u201choy no hay ninguna raz\u00f3n para pensar que la Visa Waiver corre peligro\u201d.<\/p>\n\n\n\n<p>En ese sentido, los integrantes de la comisi\u00f3n de Relaciones Exteriores manifestaron que \u201cen vez de desconocer la realidad, el embajador de Chile en Estados Unidos deber\u00eda estar m\u00e1s preocupado de gestionar la permanencia de nuestro pa\u00eds en el programa, porque a la luz de los hechos todo indicar\u00eda que durante el \u00faltimo tiempo se han reunido los elementos necesarios para perder este beneficio\u201d.<\/p>\n\n\n\n<p>\u201cSi el embajador cree que este tipo de beneficios no conversan con las relaciones diplom\u00e1ticas que mantienen ambos pa\u00edses, estar\u00edamos hablando de una grave ingenuidad de su parte. Por eso es que lo m\u00e1s adecuado para los intereses de nuestro pa\u00eds es que el Presidente Boric eval\u00fae su continuidad y designe a un embajador que est\u00e9 m\u00e1s preocupado de fortalecer las relaciones con Estados Unidos m\u00e1s que de defender su derecho a opinar sobre asuntos internos\u201d, reiteraron ambos legisladores.<\/p>\n","protected":false},"excerpt":{"rendered":"<p>Cristi\u00e1n Labb\u00e9 y Cristhian Moreira cuestionaron al representante diplom\u00e1tico por volver a defender su participaci\u00f3n en la Convenci\u00f3n Nacional que realiz\u00f3 el Partido Dem\u00f3crata en agosto pasado y por justificar sus declaraciones en contra del futuro presidente de EE.UU.<\/p>\n","protected":false},"author":1,"featured_media":24525,"comment_status":"closed","ping_status":"closed","sticky":false,"template":"","format":"standard","meta":{"footnotes":""},"categories":[3,6],"tags":[2118,337,273,247,133],"class_list":["post-24524","post","type-post","status-publish","format-standard","has-post-thumbnail","hentry","category-al-dia","category-politica","tag-semanariolocal","tag-informacion","tag-noticias","tag-region-de-los-lagos","tag-semanario-local"],"_links":{"self":[{"href":"https:\/\/www.semanariolocal.cl\/index.php?rest_route=\/wp\/v2\/posts\/24524","targetHints":{"allow":["GET"]}}],"collection":[{"href":"https:\/\/www.semanariolocal.cl\/index.php?rest_route=\/wp\/v2\/posts"}],"about":[{"href":"https:\/\/www.semanariolocal.cl\/index.php?rest_route=\/wp\/v2\/types\/post"}],"author":[{"embeddable":true,"href":"https:\/\/www.semanariolocal.cl\/index.php?rest_route=\/wp\/v2\/users\/1"}],"replies":[{"embeddable":true,"href":"https:\/\/www.semanariolocal.cl\/index.php?rest_route=%2Fwp%2Fv2%2Fcomments&post=24524"}],"version-history":[{"count":5,"href":"https:\/\/www.semanariolocal.cl\/index.php?rest_route=\/wp\/v2\/posts\/24524\/revisions"}],"predecessor-version":[{"id":24530,"href":"https:\/\/www.semanariolocal.cl\/index.php?rest_route=\/wp\/v2\/posts\/24524\/revisions\/24530"}],"wp:featuredmedia":[{"embeddable":true,"href":"https:\/\/www.semanariolocal.cl\/index.php?rest_route=\/wp\/v2\/media\/24525"}],"wp:attachment":[{"href":"https:\/\/www.semanariolocal.cl\/index.php?rest_route=%2Fwp%2Fv2%2Fmedia&parent=24524"}],"wp:term":[{"taxonomy":"category","embeddable":true,"href":"https:\/\/www.semanariolocal.cl\/index.php?rest_route=%2Fwp%2Fv2%2Fcategories&post=24524"},{"taxonomy":"post_tag","embeddable":true,"href":"https:\/\/www.semanariolocal.cl\/index.php?rest_route=%2Fwp%2Fv2%2Ftags&post=24524"}],"curies":[{"name":"wp","href":"https:\/\/api.w.org\/{rel}","templated":true}]}}