{"id":24520,"date":"2024-11-07T10:00:00","date_gmt":"2024-11-07T13:00:00","guid":{"rendered":"https:\/\/www.semanariolocal.cl\/?p=24520"},"modified":"2024-11-07T22:00:01","modified_gmt":"2024-11-08T01:00:01","slug":"desafios-en-el-desarrollo-psicomotor-en-ninos-y-ninas-prematuros","status":"publish","type":"post","link":"https:\/\/www.semanariolocal.cl\/?p=24520","title":{"rendered":"Desaf\u00edos en el desarrollo psicomotor en ni\u00f1os y ni\u00f1as prematuros"},"content":{"rendered":"\n<p><strong>07 de noviembre del 2024.<\/strong> De acuerdo con\u00a0la Organizaci\u00f3n Mundial de la Salud, OMS, se considera prematuro a un beb\u00e9 nacido vivo antes de que se haya completado 37 semanas de embarazo, presentando subcategor\u00edas, basadas en edad gestacional, las que son prematuro extremo, nacido antes de las 28 semanas; muy prematuro, nacido de 28 a 32 semanas; prematuro entre moderado y tard\u00edo, nacidos entre las 32 a 37 semanas.\u00a0<\/p>\n\n\n\n<p>Las causas del nacimiento prematuro son variables, la mayor\u00eda de ellos ocurren espont\u00e1neamente o por razones m\u00e9dicas que requieren la inducci\u00f3n temprana del parto.&nbsp;<\/p>\n\n\n\n<p>Los desaf\u00edos que enfrenta un beb\u00e9 prematuro y su familia son diversos, incluyendo su desarrollo psicomotor global presente y futuro. Algunos estudios, se\u00f1alan que el desarrollo motor en ni\u00f1os prematuros puede ser m\u00e1s lento en la adquisici\u00f3n de habilidades motoras, es por esto, que se debe tener un seguimiento activo en los hitos del desarrollo, considerando elementos, motores, cognitivos, sociales y del lenguaje.<\/p>\n\n\n\n<p>Dentro de los motivos de consulta habituales en ni\u00f1os nacidos prematuros, suelen estar las dificultades en la adquisici\u00f3n de hitos del desarrollo, es por esto que los profesionales que trabajamos en esta \u00e1rea como m\u00e9dicos pediatras, enfermeros, terapeutas ocupacionales, kinesi\u00f3logos, fonoaudi\u00f3logos, etc\u00e9tera, debemos utilizar herramientas de evaluaci\u00f3n sensibles a la detecci\u00f3n de sus caracter\u00edsticas psicomotoras, con el objetivo de establecer un plan de tratamiento personalizado a las caracter\u00edsticas del ni\u00f1o o ni\u00f1a y su familia, los hitos del desarrollo, como aprender a hablar, caminar o correr, ocurren en un periodo de edad espec\u00edfico, es por esto que debemos estar atentos a cada uno de los avances de nuestros ni\u00f1os y acompa\u00f1ar activamente en sus procesos de desarrollo.&nbsp;&nbsp;<\/p>\n\n\n\n<p>A las familias que tengan a su cuidado beb\u00e9s o ni\u00f1os nacidos prematuros, les recomiendo mantener un registro escrito y digital (videos y fotograf\u00edas) que permita identificar los avances o dificultades que presente el ni\u00f1o o ni\u00f1a, de esta manera pueden brindar informaci\u00f3n relevante a los equipos encargados.<\/p>\n\n\n\n<p>A nivel nacional, tenemos a disposici\u00f3n la herramienta digital de Chile Crece Contigo <a href=\"https:\/\/www.crececontigo.gob.cl\/\">https:\/\/www.crececontigo.gob.cl\/<\/a>, un elemento del Ministerio de Desarrollo Social y Familiar, donde podemos consultar hitos del desarrollo, material y estrategias de estimulaci\u00f3n acordes a la edad, sin embargo, si tienes alguna duda sobre el desarrollo de tu hijo o ni\u00f1o a cargo, puedes acudir a un terapeuta ocupacional del \u00e1rea infanto juvenil, el que te podr\u00e1 orientar en el caso particular de tu hijo, hija o ni\u00f1o a&nbsp; cargo, mediante evaluaciones estandarizadas, plan de tratamiento e intervenci\u00f3n basada en la evidencia.<\/p>\n\n\n\n<p><strong>Por Jos\u00e9 Luis Lagos Manr\u00edquez, docente carrera Terapia Ocupacional de la Universidad Santo Tom\u00e1s Puerto Montt.<\/strong><\/p>\n","protected":false},"excerpt":{"rendered":"<p>Un beb\u00e9 prematuro es aquel que nace vivo antes de que se hayan completado 37 semanas de embarazo. <\/p>\n","protected":false},"author":1,"featured_media":24521,"comment_status":"closed","ping_status":"closed","sticky":false,"template":"","format":"standard","meta":{"footnotes":""},"categories":[3,11,7,2484],"tags":[2118,337,3599,273,113,247,133,3383,373,329,922],"class_list":["post-24520","post","type-post","status-publish","format-standard","has-post-thumbnail","hentry","category-al-dia","category-educacion","category-opinion","category-salud","tag-semanariolocal","tag-informacion","tag-jose-luis-lagos-manriquez","tag-noticias","tag-puerto-montt","tag-region-de-los-lagos","tag-semanario-local","tag-terapia-ocupacional","tag-universidad-santo-tomas","tag-ust","tag-ust-puerto-montt"],"_links":{"self":[{"href":"https:\/\/www.semanariolocal.cl\/index.php?rest_route=\/wp\/v2\/posts\/24520","targetHints":{"allow":["GET"]}}],"collection":[{"href":"https:\/\/www.semanariolocal.cl\/index.php?rest_route=\/wp\/v2\/posts"}],"about":[{"href":"https:\/\/www.semanariolocal.cl\/index.php?rest_route=\/wp\/v2\/types\/post"}],"author":[{"embeddable":true,"href":"https:\/\/www.semanariolocal.cl\/index.php?rest_route=\/wp\/v2\/users\/1"}],"replies":[{"embeddable":true,"href":"https:\/\/www.semanariolocal.cl\/index.php?rest_route=%2Fwp%2Fv2%2Fcomments&post=24520"}],"version-history":[{"count":2,"href":"https:\/\/www.semanariolocal.cl\/index.php?rest_route=\/wp\/v2\/posts\/24520\/revisions"}],"predecessor-version":[{"id":24523,"href":"https:\/\/www.semanariolocal.cl\/index.php?rest_route=\/wp\/v2\/posts\/24520\/revisions\/24523"}],"wp:featuredmedia":[{"embeddable":true,"href":"https:\/\/www.semanariolocal.cl\/index.php?rest_route=\/wp\/v2\/media\/24521"}],"wp:attachment":[{"href":"https:\/\/www.semanariolocal.cl\/index.php?rest_route=%2Fwp%2Fv2%2Fmedia&parent=24520"}],"wp:term":[{"taxonomy":"category","embeddable":true,"href":"https:\/\/www.semanariolocal.cl\/index.php?rest_route=%2Fwp%2Fv2%2Fcategories&post=24520"},{"taxonomy":"post_tag","embeddable":true,"href":"https:\/\/www.semanariolocal.cl\/index.php?rest_route=%2Fwp%2Fv2%2Ftags&post=24520"}],"curies":[{"name":"wp","href":"https:\/\/api.w.org\/{rel}","templated":true}]}}