{"id":2450,"date":"2021-10-15T09:29:43","date_gmt":"2021-10-15T12:29:43","guid":{"rendered":"https:\/\/www.semanariolocal.cl\/?p=2450"},"modified":"2021-10-15T09:29:44","modified_gmt":"2021-10-15T12:29:44","slug":"vallespin-valoro-financiamiento-para-proyecto-de-agua-potable-en-carelmapu","status":"publish","type":"post","link":"https:\/\/www.semanariolocal.cl\/?p=2450","title":{"rendered":"Vallesp\u00edn valor\u00f3 financiamiento para proyecto de agua potable en Carelmapu"},"content":{"rendered":"\n<p style=\"font-size:17px\">Ante la situaci\u00f3n que viven familias del sector Carelmapu de la comuna de Maull\u00edn en relaci\u00f3n a su acceso al agua potable, el Gobernador Regional de Los Lagos, Patricio Vallespin, se reuni\u00f3 en Santiago con la Subsecretaria de Desarrollo Regional y Administrativo, Mar\u00eda Paz Troncoso, con el fin de solicitar el financiamiento para la ejecuci\u00f3n r\u00e1pida de proyectos que den soluci\u00f3n a la problem\u00e1tica.<\/p>\n\n\n\n<p style=\"font-size:17px\">\u201cLa Subsecretaria me confirm\u00f3 que se aprobaron los recursos para el mejoramiento t\u00e9cnico de agua potable en Carelmapu para corregir la presi\u00f3n por 252 millones de pesos y a esto se adiciona el mejoramiento a la calidad del agua que estaba en revisi\u00f3n t\u00e9cnica y hoy se han aprobado 102 millones de pesos\u201d, indica Vallespin.<\/p>\n\n\n\n<p style=\"font-size:17px\">La m\u00e1xima autoridad de la regi\u00f3n de Los Lagos agreg\u00f3 que \u201chemos recibido buenas noticias para Carelmapu las cuales permitir\u00e1n salir de la emergencia moment\u00e1nea. Eso s\u00ed, debemos tener en cuenta que la soluci\u00f3n integral y definitiva es algo mucho m\u00e1s amplio y de cobertura que tiene que trabajarse para un perfeccionamiento a la planta de tratamiento y mejorar la fuente original hidrol\u00f3gica porque no hay suficiente agua en este minuto para todos\u201d.<\/p>\n\n\n\n<p style=\"font-size:17px\">Estos dos proyectos estaban en revisi\u00f3n y fueron priorizados por la Subdere desde el nivel central a solicitud del Gobernador Patricio Vallespin. De esta manera, se dispuso de m\u00e1s de $350 millones para el mejoramiento del sistema de agua potable que busca solucionar el problema que viven los vecinos en Carelmapu.<\/p>\n","protected":false},"excerpt":{"rendered":"<p>Ante la situaci\u00f3n que viven familias del sector Carelmapu de la comuna de Maull\u00edn en relaci\u00f3n a su acceso al agua potable, el Gobernador Regional de Los Lagos, Patricio Vallespin, se reuni\u00f3 en Santiago con la Subsecretaria de Desarrollo Regional y Administrativo, Mar\u00eda Paz Troncoso, con el fin de solicitar el financiamiento para la ejecuci\u00f3n&#8230;<a class=\"btnReadMore\" href=\"https:\/\/www.semanariolocal.cl\/?p=2450\"> Leer M\u00e1s<\/a><\/p>\n","protected":false},"author":1,"featured_media":2451,"comment_status":"closed","ping_status":"closed","sticky":false,"template":"","format":"standard","meta":{"footnotes":""},"categories":[3,6],"tags":[],"class_list":["post-2450","post","type-post","status-publish","format-standard","has-post-thumbnail","hentry","category-al-dia","category-politica"],"_links":{"self":[{"href":"https:\/\/www.semanariolocal.cl\/index.php?rest_route=\/wp\/v2\/posts\/2450","targetHints":{"allow":["GET"]}}],"collection":[{"href":"https:\/\/www.semanariolocal.cl\/index.php?rest_route=\/wp\/v2\/posts"}],"about":[{"href":"https:\/\/www.semanariolocal.cl\/index.php?rest_route=\/wp\/v2\/types\/post"}],"author":[{"embeddable":true,"href":"https:\/\/www.semanariolocal.cl\/index.php?rest_route=\/wp\/v2\/users\/1"}],"replies":[{"embeddable":true,"href":"https:\/\/www.semanariolocal.cl\/index.php?rest_route=%2Fwp%2Fv2%2Fcomments&post=2450"}],"version-history":[{"count":1,"href":"https:\/\/www.semanariolocal.cl\/index.php?rest_route=\/wp\/v2\/posts\/2450\/revisions"}],"predecessor-version":[{"id":2452,"href":"https:\/\/www.semanariolocal.cl\/index.php?rest_route=\/wp\/v2\/posts\/2450\/revisions\/2452"}],"wp:featuredmedia":[{"embeddable":true,"href":"https:\/\/www.semanariolocal.cl\/index.php?rest_route=\/wp\/v2\/media\/2451"}],"wp:attachment":[{"href":"https:\/\/www.semanariolocal.cl\/index.php?rest_route=%2Fwp%2Fv2%2Fmedia&parent=2450"}],"wp:term":[{"taxonomy":"category","embeddable":true,"href":"https:\/\/www.semanariolocal.cl\/index.php?rest_route=%2Fwp%2Fv2%2Fcategories&post=2450"},{"taxonomy":"post_tag","embeddable":true,"href":"https:\/\/www.semanariolocal.cl\/index.php?rest_route=%2Fwp%2Fv2%2Ftags&post=2450"}],"curies":[{"name":"wp","href":"https:\/\/api.w.org\/{rel}","templated":true}]}}