{"id":2443,"date":"2021-10-14T13:08:19","date_gmt":"2021-10-14T16:08:19","guid":{"rendered":"https:\/\/www.semanariolocal.cl\/?p=2443"},"modified":"2021-10-14T13:08:19","modified_gmt":"2021-10-14T16:08:19","slug":"nodo-conexion-sur-convoca-nueva-jornada-de-trabajo-para-zona-centro-sur","status":"publish","type":"post","link":"https:\/\/www.semanariolocal.cl\/?p=2443","title":{"rendered":"Nodo Conexi\u00f3n Sur convoca nueva jornada de trabajo para zona centro sur"},"content":{"rendered":"\n<p style=\"font-size:17px\">Con la presencia de representantes de los gobiernos regionales de La Araucan\u00eda, Los R\u00edos y Los Lagos, se desarroll\u00f3 la quinta sesi\u00f3n del Comit\u00e9 de Coordinaci\u00f3n del Nodo Conexi\u00f3n Sur, iniciativa que nace desde la Agencia Nacional de Investigaci\u00f3n y Desarrollo (ANID) y que est\u00e1 siendo ejecutada en conjunto por las Universidades de La Frontera, Cat\u00f3lica de Temuco, Austral de Chile y Los Lagos.<\/p>\n\n\n\n<p style=\"font-size:17px\">Este Nodo busca fortalecer el impacto territorial del ecosistema macrozonal sur en ciencia, tecnolog\u00eda, conocimiento e innovaci\u00f3n (CTCi), mediante un diagn\u00f3stico participativo, la co-construcci\u00f3n de una hoja de ruta, propuestas de articulaci\u00f3n de actores y estrategias de apropiaci\u00f3n para la gobernanza en CTCi. Para ello se apoya en el Comit\u00e9 de Coordinaci\u00f3n Macrozonal Sur, el cual est\u00e1 compuesto por 18 integrantes de las regiones de La Araucan\u00eda, Los R\u00edos y Los Lagos provenientes de los estamentos p\u00fablico, privado, social y acad\u00e9mico.<\/p>\n\n\n\n<p style=\"font-size:17px\">En este marco, la presente jornada se enfoc\u00f3 en la realizaci\u00f3n de talleres para la construcci\u00f3n participativa de la hoja de ruta del Nodo, donde se busc\u00f3 identificar iniciativas, acciones, proyectos y propuestas en materia de ciencia, tecnolog\u00eda, conocimiento e innovaci\u00f3n que resulten relevantes para la macrorregi\u00f3n. Adem\u00e1s, se busc\u00f3 conocer sugerencias y recomendaciones sobre articulaci\u00f3n que puedan acelerar el impacto territorial, considerando la visi\u00f3n de los distintos estamentos presentes en el Comit\u00e9 de Coordinaci\u00f3n Macrozonal.<\/p>\n\n\n\n<p style=\"font-size:17px\">La jefa de la Divisi\u00f3n de Planificaci\u00f3n y Desarrollo Regional de la Regi\u00f3n de Los Lagos, Claudia Renedo, sostuvo que el espacio es de un gran valor para seguir creciendo de manera colaborativa en la regi\u00f3n desde la perspectiva de la ciencia, la tecnolog\u00eda y la innovaci\u00f3n como foco de desarrollo estrat\u00e9gico y sost\u00e9n para el crecimiento de sus \u00e1reas productivas, mejor calidad de vida de sus habitantes y respeto por el medio ambiente. \u201cEs prioridad para nuestro Gobernador trabajar en la sustentabilidad e inclusividad como eje regional y para ello esperamos que el Comit\u00e9 de Coordinaci\u00f3n Macrozonal Sur sea uno de los actores protagonistas. La jornada de hoy fue muy din\u00e1mica, nutritiva y motivante para continuar en la construcci\u00f3n de las ideas que conversamos\u201d, sostuvo la representante del Gobierno Regional de Los Lagos.<\/p>\n\n\n\n<p style=\"font-size:17px\">Por su parte, el jefe de Divisi\u00f3n de Fomento e Industrias del Gobierno Regional de Los R\u00edos, Miguel \u00c1ngel Mart\u00ednez, resalt\u00f3 el inter\u00e9s de su regi\u00f3n para ser parte de todas las instancias de coordinaci\u00f3n vinculadas al trabajo del Nodo. \u201cPara ello, tambi\u00e9n estamos avanzando a paso firme en la implementaci\u00f3n del Comit\u00e9 regional de Ciencia, Tecnolog\u00eda e Innovaci\u00f3n para el desarrollo (CTI) y prepar\u00e1ndonos para elaborar nuestra estrategia regional de innovaci\u00f3n. Estos son desaf\u00edos muy importantes para nuestra regi\u00f3n pues creemos que el desarrollo de la CTI debe visualizarse en contribuciones relevantes y aplicadas a nuestros sectores econ\u00f3micos en productividad, pero tambi\u00e9n en mejoras en calidad de vida y bienestar de las personas de nuestra regi\u00f3n. Esperamos que el trabajo del Nodo, pueda apoyarnos en estos complejos procesos, con antecedentes, recomendaciones o sugerencias estrat\u00e9gicas que se alineen con nuestra visi\u00f3n, pero tambi\u00e9n deseamos colaborar en dise\u00f1ar e implementar acciones en la macro regi\u00f3n sur de nuestro pa\u00eds\u201d, apunt\u00f3 el personero.<\/p>\n\n\n\n<p style=\"font-size:17px\">El representante del Gobierno Regional de la Araucan\u00eda, Ricardo Senn, valor\u00f3 que dentro del trabajo realizado se aborden tem\u00e1ticas de importancia para los diferentes territorios. \u201cEn esta \u00faltima reuni\u00f3n pudimos tratar temas sobre gesti\u00f3n de residuos s\u00f3lidos, del agua y proyectos medioambientales, enfocando esfuerzos en materia de tecnolog\u00eda, competitividad e innovaci\u00f3n, con actores p\u00fablicos y privados hacia los temas que importan al desarrollo de nuestras zonas, por lo que esperamos mirar hacia el futuro con mejor perspectiva\u201d, puntualiz\u00f3.<\/p>\n\n\n\n<p style=\"font-size:17px\">La Secretar\u00eda Regional Ministerial de Ciencia, Tecnolog\u00eda, Conocimiento e Innovaci\u00f3n de la Macrozona Sur, Dra. Olga Barbosa, manifest\u00f3 que \u201ccontinuamos en la identificaci\u00f3n de actores y de condiciones habilitantes para el desarrollo de la estrategia que permita cumplir el objetivo principal, que es la aceleraci\u00f3n de impacto en el ecosistema CTCI. Hemos visto que es un gran desaf\u00edo coordinar a 4 universidades y sus respectivos grupos acad\u00e9micos y de investigaci\u00f3n, pero rescato el compromiso de trabajar en equipo para sacar este proyecto adelante. Espero que los talleres regionales, a realizarse durante este mes, sean un buen ejercicio para seguir cumpliendo nuestros objetivos de conectar al sector acad\u00e9mico, privado y la sociedad de nuestra macrozona\u00bb.<\/p>\n\n\n\n<p style=\"font-size:17px\">Por \u00faltimo, Franklin Valdebenito, director del Nodo Conexi\u00f3n Sur y director de Innovaci\u00f3n y Transferencia Tecnol\u00f3gica de la UFRO valor\u00f3 la importancia del Comit\u00e9 de Coordinaci\u00f3n Macrozonal sur, compuesto por destacados profesionales y referentes de las tres regiones. \u201cDestacamos el alto nivel de compromiso en todo el proceso y en especial de la presente jornada, donde todos los actores propusieron su mirada y visi\u00f3n para construir la Hoja de Ruta. Estamos en la recta final para el dise\u00f1o y generaci\u00f3n de esta hoja, que esperamos transforme el desarrollo de la ciencia, tecnolog\u00eda, conocimiento e innovaci\u00f3n en las tres regiones participantes\u201d.<\/p>\n","protected":false},"excerpt":{"rendered":"<p>En el encuentro virtual participaron adem\u00e1s representantes del mundo p\u00fablico y privado, junto con acad\u00e9micos y miembros de la sociedad civil de La Araucan\u00eda, Los R\u00edos y Los Lagos<\/p>\n","protected":false},"author":1,"featured_media":2444,"comment_status":"closed","ping_status":"closed","sticky":false,"template":"","format":"standard","meta":{"footnotes":""},"categories":[12],"tags":[],"class_list":["post-2443","post","type-post","status-publish","format-standard","has-post-thumbnail","hentry","category-economia"],"_links":{"self":[{"href":"https:\/\/www.semanariolocal.cl\/index.php?rest_route=\/wp\/v2\/posts\/2443","targetHints":{"allow":["GET"]}}],"collection":[{"href":"https:\/\/www.semanariolocal.cl\/index.php?rest_route=\/wp\/v2\/posts"}],"about":[{"href":"https:\/\/www.semanariolocal.cl\/index.php?rest_route=\/wp\/v2\/types\/post"}],"author":[{"embeddable":true,"href":"https:\/\/www.semanariolocal.cl\/index.php?rest_route=\/wp\/v2\/users\/1"}],"replies":[{"embeddable":true,"href":"https:\/\/www.semanariolocal.cl\/index.php?rest_route=%2Fwp%2Fv2%2Fcomments&post=2443"}],"version-history":[{"count":1,"href":"https:\/\/www.semanariolocal.cl\/index.php?rest_route=\/wp\/v2\/posts\/2443\/revisions"}],"predecessor-version":[{"id":2445,"href":"https:\/\/www.semanariolocal.cl\/index.php?rest_route=\/wp\/v2\/posts\/2443\/revisions\/2445"}],"wp:featuredmedia":[{"embeddable":true,"href":"https:\/\/www.semanariolocal.cl\/index.php?rest_route=\/wp\/v2\/media\/2444"}],"wp:attachment":[{"href":"https:\/\/www.semanariolocal.cl\/index.php?rest_route=%2Fwp%2Fv2%2Fmedia&parent=2443"}],"wp:term":[{"taxonomy":"category","embeddable":true,"href":"https:\/\/www.semanariolocal.cl\/index.php?rest_route=%2Fwp%2Fv2%2Fcategories&post=2443"},{"taxonomy":"post_tag","embeddable":true,"href":"https:\/\/www.semanariolocal.cl\/index.php?rest_route=%2Fwp%2Fv2%2Ftags&post=2443"}],"curies":[{"name":"wp","href":"https:\/\/api.w.org\/{rel}","templated":true}]}}