{"id":2438,"date":"2021-10-14T13:04:07","date_gmt":"2021-10-14T16:04:07","guid":{"rendered":"https:\/\/www.semanariolocal.cl\/?p=2438"},"modified":"2021-10-14T13:04:07","modified_gmt":"2021-10-14T16:04:07","slug":"terrenos-de-efe-sin-mantencion-basura-y-pastizales-preocupan-a-vecinos-de-purranque","status":"publish","type":"post","link":"https:\/\/www.semanariolocal.cl\/?p=2438","title":{"rendered":"Terrenos de EFE sin mantenci\u00f3n: basura y pastizales preocupan a vecinos de Purranque"},"content":{"rendered":"\n<p style=\"font-size:17px\">La falta de limpieza de los terrenos de la Empresa de Ferrocarriles del Estado (EFE) denunci\u00f3 el concejal de Purranque Ren\u00e9 Mu\u00f1oz. Actualmente el lugar se ha convertido en un microbasural.<\/p>\n\n\n\n<p style=\"font-size:17px\">Por bastante tiempo se viene arrastrando la situaci\u00f3n en Purranque, provocando serios problemas desde el punto de vista sanitario y medioambiental, esto debido a la gran cantidad de desechos y por la maleza en el lugar.<\/p>\n\n\n\n<p style=\"font-size:17px\">El concejal Ren\u00e9 Mu\u00f1oz manifest\u00f3 que EFE por a\u00f1os no ha cumplido con su obligaci\u00f3n de mantener y limpiar los terrenos que est\u00e1n bajo su administraci\u00f3n en la comuna, ya que ven c\u00f3mo los pastizales, basura y otros afectan la imagen ciudad, adem\u00e1s de generar otros problemas, tal como la inseguridad en el sector, sobre todo en las noches.<\/p>\n\n\n\n<p style=\"font-size:17px\">El edil purranquino hizo un llamado a las autoridades a tomar cartas en el asunto, instando a que hagan cumplir a Ferrocarriles del Estado con su responsabilidad por los terrenos que ocupa, pensando adem\u00e1s en la cercan\u00eda con la temporada estival y el peligro que generar\u00eda un eventual incendio de maleza y pasto seco.<\/p>\n\n\n\n<p style=\"font-size:17px\">Por \u00faltimo, la autoridad comunal tambi\u00e9n pidi\u00f3 la colaboraci\u00f3n de los vecinos para evitar lanzar desechos en el lugar, ya que hasta hace algunos d\u00edas es bastante la acumulaci\u00f3n de basura en la l\u00ednea f\u00e9rrea y en las cercan\u00edas de la ex estaci\u00f3n.<\/p>\n","protected":false},"excerpt":{"rendered":"<p>La falta de limpieza de los terrenos de la Empresa de Ferrocarriles del Estado (EFE) denunci\u00f3 el concejal de Purranque Ren\u00e9 Mu\u00f1oz. Actualmente el lugar se ha convertido en un microbasural. Por bastante tiempo se viene arrastrando la situaci\u00f3n en Purranque, provocando serios problemas desde el punto de vista sanitario y medioambiental, esto debido a&#8230;<a class=\"btnReadMore\" href=\"https:\/\/www.semanariolocal.cl\/?p=2438\"> Leer M\u00e1s<\/a><\/p>\n","protected":false},"author":1,"featured_media":2441,"comment_status":"closed","ping_status":"closed","sticky":false,"template":"","format":"standard","meta":{"footnotes":""},"categories":[8],"tags":[],"class_list":["post-2438","post","type-post","status-publish","format-standard","has-post-thumbnail","hentry","category-comunas"],"_links":{"self":[{"href":"https:\/\/www.semanariolocal.cl\/index.php?rest_route=\/wp\/v2\/posts\/2438","targetHints":{"allow":["GET"]}}],"collection":[{"href":"https:\/\/www.semanariolocal.cl\/index.php?rest_route=\/wp\/v2\/posts"}],"about":[{"href":"https:\/\/www.semanariolocal.cl\/index.php?rest_route=\/wp\/v2\/types\/post"}],"author":[{"embeddable":true,"href":"https:\/\/www.semanariolocal.cl\/index.php?rest_route=\/wp\/v2\/users\/1"}],"replies":[{"embeddable":true,"href":"https:\/\/www.semanariolocal.cl\/index.php?rest_route=%2Fwp%2Fv2%2Fcomments&post=2438"}],"version-history":[{"count":1,"href":"https:\/\/www.semanariolocal.cl\/index.php?rest_route=\/wp\/v2\/posts\/2438\/revisions"}],"predecessor-version":[{"id":2442,"href":"https:\/\/www.semanariolocal.cl\/index.php?rest_route=\/wp\/v2\/posts\/2438\/revisions\/2442"}],"wp:featuredmedia":[{"embeddable":true,"href":"https:\/\/www.semanariolocal.cl\/index.php?rest_route=\/wp\/v2\/media\/2441"}],"wp:attachment":[{"href":"https:\/\/www.semanariolocal.cl\/index.php?rest_route=%2Fwp%2Fv2%2Fmedia&parent=2438"}],"wp:term":[{"taxonomy":"category","embeddable":true,"href":"https:\/\/www.semanariolocal.cl\/index.php?rest_route=%2Fwp%2Fv2%2Fcategories&post=2438"},{"taxonomy":"post_tag","embeddable":true,"href":"https:\/\/www.semanariolocal.cl\/index.php?rest_route=%2Fwp%2Fv2%2Ftags&post=2438"}],"curies":[{"name":"wp","href":"https:\/\/api.w.org\/{rel}","templated":true}]}}