{"id":2437,"date":"2021-10-14T13:01:42","date_gmt":"2021-10-14T16:01:42","guid":{"rendered":"https:\/\/www.semanariolocal.cl\/?p=2437"},"modified":"2021-10-14T13:01:42","modified_gmt":"2021-10-14T16:01:42","slug":"gobierno-anuncio-solucion-a-mala-calidad-del-agua-potable-en-carelmapu","status":"publish","type":"post","link":"https:\/\/www.semanariolocal.cl\/?p=2437","title":{"rendered":"Gobierno anunci\u00f3 soluci\u00f3n a mala calidad del agua potable en Carelmapu"},"content":{"rendered":"\n<p style=\"font-size:17px\">Hace tiempo que los habitantes de Carelmapu en Maull\u00edn, abren la llave del agua potable en sus casas y lo que sale es un producto turbio y de mal olor. A ra\u00edz de ese problema, es que el jefe regional de la Subsecretar\u00eda de Desarrollo Regional y Administrativo (Subdere) en Los Lagos, Pablo Hern\u00e1ndez, anunci\u00f3 hoy el financiamiento de dos proyectos de mejoramiento del sistema de agua del lugar, los que, con una inversi\u00f3n de m\u00e1s de $350 millones, vendr\u00e1n a solucionar el problema de la calidad del agua en la zona.<\/p>\n\n\n\n<p style=\"font-size:17px\">\u201cLas gestiones que hicimos con la Subdere dieron buenos resultados, el agua potable en Carelmapu estaba con problemas producto de la falta de mantenci\u00f3n y los da\u00f1os que ten\u00eda el sistema de captaci\u00f3n y distribuci\u00f3n, es as\u00ed como se presentaron proyectos a la Subdere y hoy d\u00eda se informa que estos dos proyectos est\u00e1n con resoluci\u00f3n y financiamiento. Una muy buena noticia para Carelmapu, que se le soluciona el problema del agua con estos dos proyectos\u201d,&nbsp; afirm\u00f3 el delegado presidencial de la regi\u00f3n, Carlos Geisse.<\/p>\n\n\n\n<p style=\"font-size:17px\"><br>Una de las dos iniciativas es el proyecto de emergencia del servicio de Agua Potable Rural de Carelmapu, que por m\u00e1s de $102 millones reemplazar\u00e1 y actualizar\u00e1 gran parte del deteriorado sistema de captaci\u00f3n y distribuci\u00f3n del agua potable de la Cooperativa Sanitaria Carelmapu, que actualmente presenta da\u00f1os y falta de mantenci\u00f3n. La concentraci\u00f3n de hierros y minerales ha provocado fallas en el sistema de bombeo y que el agua no sea adecuada para consumo humano ni para uso dom\u00e9stico.<\/p>\n\n\n\n<p style=\"font-size:17px\">El segundo proyecto financiado por Subdere, contempla una inversi\u00f3n de $ 252.149.132 para mejorar la red matriz que distribuye el agua. Actualmente, el sistema tiene tuber\u00edas de diferentes di\u00e1metros en las distintas \u00e1reas cubiertas por la Cooperativa, lo que provoca problemas de presi\u00f3n y que en algunas partes ni siquiera llegue el agua.<\/p>\n\n\n\n<p style=\"font-size:17px\">\u201cEstos dos importantes proyectos van a permitir mejorar en un corto plazo este sistema. Son m\u00e1s de $350 millones, divididos en dos proyectos, uno de emergencia para el servicio de agua potable y otro que mejora la red de agua potable, algo que adem\u00e1s nos permitir\u00e1 a futuro poder conectar a nuevas familias al sistema\u201d, destac\u00f3 el jefe regional Subdere.&nbsp;<\/p>\n\n\n\n<p style=\"font-size:17px\">El alcalde de Maull\u00edn, Nabih Soza, se\u00f1al\u00f3 que, \u201cestamos felices con esta asignaci\u00f3n de recursos, porque este es un problema que afecta a mucha gente y se estaba volviendo cr\u00edtico y en menos de dos meses se han logrado aprobar. Necesitabamos hacerlo r\u00e1pido, la soluci\u00f3n tiene que ser ahora y estamos muy contentos porque hubo una interacci\u00f3n y apoyo permanente de la Subdere. Ser\u00e1n mas de 5 mil habitantes los beneficiados inmediatamente y adem\u00e1s se dar\u00e1 la posibilidad de que se reactiven proyectos que est\u00e1n parados por m\u00e1s de 20 a\u00f1os de&nbsp; gente que espera venir a vivir ac\u00e1. Esta es una tremenda noticia para nosotros\u201d.<br><br>\u00abEs muy importante que se comprometan con nuestra comunidad, hemos tenido muchos problemas y tenemos muchos gastos para el tratamiento, del agua. Con esto esperamos tener una buena calidad de agua y que cambie nuestra calidad de vida. Agradecemos estos recursos y la que ha tenido la Subdere\u00bb, afirm\u00f3 el presidente de la cooperativa de agua de Carelmapu, Raul Ser\u00f3n.<br><\/p>\n\n\n\n<p style=\"font-size:17px\">En la ocasi\u00f3n, Subdere aprovech\u00f3 de comunicarle al alcalde Soza que se aprobaron otros dos proyectos municipales que vendr\u00e1n a mejorar la infraestructura deportiva de la comuna.<br><\/p>\n\n\n\n<p style=\"font-size:17px\">Uno es el mejoramiento integral de la multicancha Miramar, que con casi&nbsp; $ 60 millones contempla equipamiento y luminarias nuevas, cierre perimetral y remozamiento de los senderos que la comunican con la plaza. Se sumar\u00e1 un bicicletero y se instalar\u00e1 mobiliario urbano.<\/p>\n\n\n\n<p style=\"font-size:17px\">Por el mismo monto se construir\u00e1n camarines y ba\u00f1os p\u00fablicos en el Club Deportivo Naval de Carelmapu, el que ha tenido un creciente uso por la participaci\u00f3n de los equipos locales en campeonatos.<\/p>\n\n\n\n<p style=\"font-size:17px\">Con esto, la inversi\u00f3n en Maull\u00edn entre proyectos deportivos y de agua potable superar\u00e1n los $472 millones.<\/p>\n","protected":false},"excerpt":{"rendered":"<p>La Subdere financiar\u00e1 dos proyectos por m\u00e1s de $ 350 millones para mejorar el sistema del lugar y terminar con la turbiedad del l\u00edquido. Tambi\u00e9n se aprobaron los recursos por $120 millones para infraestructura deportiva de la comuna.<\/p>\n","protected":false},"author":1,"featured_media":2439,"comment_status":"closed","ping_status":"closed","sticky":false,"template":"","format":"standard","meta":{"footnotes":""},"categories":[3,8],"tags":[],"class_list":["post-2437","post","type-post","status-publish","format-standard","has-post-thumbnail","hentry","category-al-dia","category-comunas"],"_links":{"self":[{"href":"https:\/\/www.semanariolocal.cl\/index.php?rest_route=\/wp\/v2\/posts\/2437","targetHints":{"allow":["GET"]}}],"collection":[{"href":"https:\/\/www.semanariolocal.cl\/index.php?rest_route=\/wp\/v2\/posts"}],"about":[{"href":"https:\/\/www.semanariolocal.cl\/index.php?rest_route=\/wp\/v2\/types\/post"}],"author":[{"embeddable":true,"href":"https:\/\/www.semanariolocal.cl\/index.php?rest_route=\/wp\/v2\/users\/1"}],"replies":[{"embeddable":true,"href":"https:\/\/www.semanariolocal.cl\/index.php?rest_route=%2Fwp%2Fv2%2Fcomments&post=2437"}],"version-history":[{"count":1,"href":"https:\/\/www.semanariolocal.cl\/index.php?rest_route=\/wp\/v2\/posts\/2437\/revisions"}],"predecessor-version":[{"id":2440,"href":"https:\/\/www.semanariolocal.cl\/index.php?rest_route=\/wp\/v2\/posts\/2437\/revisions\/2440"}],"wp:featuredmedia":[{"embeddable":true,"href":"https:\/\/www.semanariolocal.cl\/index.php?rest_route=\/wp\/v2\/media\/2439"}],"wp:attachment":[{"href":"https:\/\/www.semanariolocal.cl\/index.php?rest_route=%2Fwp%2Fv2%2Fmedia&parent=2437"}],"wp:term":[{"taxonomy":"category","embeddable":true,"href":"https:\/\/www.semanariolocal.cl\/index.php?rest_route=%2Fwp%2Fv2%2Fcategories&post=2437"},{"taxonomy":"post_tag","embeddable":true,"href":"https:\/\/www.semanariolocal.cl\/index.php?rest_route=%2Fwp%2Fv2%2Ftags&post=2437"}],"curies":[{"name":"wp","href":"https:\/\/api.w.org\/{rel}","templated":true}]}}