{"id":2429,"date":"2021-10-14T12:46:53","date_gmt":"2021-10-14T15:46:53","guid":{"rendered":"https:\/\/www.semanariolocal.cl\/?p=2429"},"modified":"2021-10-14T12:46:54","modified_gmt":"2021-10-14T15:46:54","slug":"nuevos-pactos-e-independientes-repercutiran-en-tiempo-de-franja-electoral","status":"publish","type":"post","link":"https:\/\/www.semanariolocal.cl\/?p=2429","title":{"rendered":"Nuevos pactos e independientes repercutir\u00e1n en tiempo de  franja electoral"},"content":{"rendered":"\n<p style=\"font-size:17px\">Anunciada esta semana, el Consejo Nacional de Televisi\u00f3n (CNTV) dio a conocer los sorteos para definir el orden de aparici\u00f3n de las candidaturas, pactos y partidos en la franja de las elecciones presidenciales y parlamentarias de noviembre.<\/p>\n\n\n\n<p style=\"font-size:17px\">Transmitido por canales de televisi\u00f3n abierta desde el 22 de octubre, la duraci\u00f3n de cada candidatura presidencial tendr\u00e1 la duraci\u00f3n de poco m\u00e1s de dos minutos, mientras que las parlamentarias se les asign\u00f3 tiempos seg\u00fan los votos obtenidos en la \u00faltima elecci\u00f3n de 2017.<\/p>\n\n\n\n<p style=\"font-size:17px\">Para la experta en periodismo y comunicaci\u00f3n de la U. de Santiago, Dra. Alejandra Phillippi, es importante advertir que los criterios de las elecciones presidenciales y parlamentarias tienen intereses distintos, en donde la primera tendr\u00e1 mayor atenci\u00f3n que la segunda, y la presidencial \u201cdebe asegurar que las personas identificar\u00e1n con claridad qu\u00e9 hacen cada uno de los candidatos a la presidencia\u201d.<\/p>\n\n\n\n<p style=\"font-size:17px\">\u201cLos candidatos podr\u00e1n identificarse claramente a las posiciones, y cuando digo claramente me refiero a en oposici\u00f3n al problema respecto del dise\u00f1o del proceso anterior que fueron las convencionales que tiene que ver con la falta de claridad que advirti\u00f3 la audiencia al respecto de la estructura que ten\u00eda la franja. Me animo a pensar que en la franja que dedica el tiempo de 20 minutos a las presidenciales va a ser clara\u201d, sostuvo la acad\u00e9mica.<\/p>\n\n\n\n<p style=\"font-size:17px\">Indicando como segundo elemento la gran cantidad de actores presentes en las parlamentarias, \u201cque van a incorporar nuevamente el cuestionamiento respecto a la asignaci\u00f3n de los tiempos\u201d, la tambi\u00e9n doctora en periodismo destac\u00f3 que en la conformaci\u00f3n de los nuevos actores independientes que irrumpen en la l\u00f3gica de la alta participaci\u00f3n.<\/p>\n\n\n\n<p style=\"font-size:17px\">\u201cHoy d\u00eda los j\u00f3venes est\u00e1n muy presentes, est\u00e1n atentos en lo que se informa en estos procesos. Si uno mira, en t\u00e9rminos comparativos, el rol que tuvieron los j\u00f3venes en la permanencia frente a las pantallas de cuando se emitieron la franja son de los grupos etarios que incrementan estos tiempos y ah\u00ed uno deber\u00eda pensar los distintos p\u00fablicos que est\u00e1n viendo la franja electoral, el rol que tiene esta respecto a los otros programas\u201d, sostuvo.<\/p>\n\n\n\n<p style=\"font-size:17px\">\u201cY en esto, la importancia que tienen los programas de debate, de discusi\u00f3n pol\u00edtica, las mismas noticias o entrevistas y ah\u00ed la franja electoral lo que viene es a complementar una informaci\u00f3n que de alguna manera lo que hace es sistematizar con claridad quienes son los principales actores sobre los cuales vamos a tener que emitir un voto\u201d, agreg\u00f3 la acad\u00e9mica.<\/p>\n\n\n\n<p style=\"font-size:17px\">Finalmente, la acad\u00e9mica de la Escuela de Periodismo Usach, enfatiz\u00f3 en que la debilidad que hay que enfrentar, est\u00e1 alojada en el criterio de una estructura pol\u00edtica anterior arraigada en los grandes conglomerados de partidos pol\u00edticos que hoy est\u00e1n fragmentados y que podr\u00eda afectar tambi\u00e9n a las personas el lograr identificar lo que les representa. \u201cSi uno mira hoy d\u00eda la diferencia que hay respecto a la intenci\u00f3n de voto, las personas no han cerrado un juicio y en t\u00e9rminos de participaci\u00f3n creo que es un escenario un poco abierto. En esto, las franjas electorales van a marcar la agenda. Sin embargo, creo que en lo \u00e1lgido que est\u00e1 el debate p\u00fablico con un escenario donde est\u00e1n sucediendo hechos de alta connotaci\u00f3n p\u00fablica, de alto inter\u00e9s para todos, va a tener que disputar espacio y visibilidad tambi\u00e9n dentro de la agenda\u201d, concluy\u00f3 Phillippi.<\/p>\n","protected":false},"excerpt":{"rendered":"<p>La doctora en comunicaci\u00f3n y acad\u00e9mica de la Escuela de Periodismo Usach, Dra. Alejandra Phillippi, se\u00f1al\u00f3 la importancia de los tiempos que se dedican en la franja electoral para el caso de las parlamentarias, previendo adem\u00e1s que, ante semanas con una agenda llena de acontecimientos y discusiones pol\u00edticas, tambi\u00e9n habr\u00e1 que instalar la franja.<\/p>\n","protected":false},"author":1,"featured_media":2430,"comment_status":"closed","ping_status":"closed","sticky":false,"template":"","format":"standard","meta":{"footnotes":""},"categories":[3,6],"tags":[],"class_list":["post-2429","post","type-post","status-publish","format-standard","has-post-thumbnail","hentry","category-al-dia","category-politica"],"_links":{"self":[{"href":"https:\/\/www.semanariolocal.cl\/index.php?rest_route=\/wp\/v2\/posts\/2429","targetHints":{"allow":["GET"]}}],"collection":[{"href":"https:\/\/www.semanariolocal.cl\/index.php?rest_route=\/wp\/v2\/posts"}],"about":[{"href":"https:\/\/www.semanariolocal.cl\/index.php?rest_route=\/wp\/v2\/types\/post"}],"author":[{"embeddable":true,"href":"https:\/\/www.semanariolocal.cl\/index.php?rest_route=\/wp\/v2\/users\/1"}],"replies":[{"embeddable":true,"href":"https:\/\/www.semanariolocal.cl\/index.php?rest_route=%2Fwp%2Fv2%2Fcomments&post=2429"}],"version-history":[{"count":1,"href":"https:\/\/www.semanariolocal.cl\/index.php?rest_route=\/wp\/v2\/posts\/2429\/revisions"}],"predecessor-version":[{"id":2431,"href":"https:\/\/www.semanariolocal.cl\/index.php?rest_route=\/wp\/v2\/posts\/2429\/revisions\/2431"}],"wp:featuredmedia":[{"embeddable":true,"href":"https:\/\/www.semanariolocal.cl\/index.php?rest_route=\/wp\/v2\/media\/2430"}],"wp:attachment":[{"href":"https:\/\/www.semanariolocal.cl\/index.php?rest_route=%2Fwp%2Fv2%2Fmedia&parent=2429"}],"wp:term":[{"taxonomy":"category","embeddable":true,"href":"https:\/\/www.semanariolocal.cl\/index.php?rest_route=%2Fwp%2Fv2%2Fcategories&post=2429"},{"taxonomy":"post_tag","embeddable":true,"href":"https:\/\/www.semanariolocal.cl\/index.php?rest_route=%2Fwp%2Fv2%2Ftags&post=2429"}],"curies":[{"name":"wp","href":"https:\/\/api.w.org\/{rel}","templated":true}]}}