{"id":2426,"date":"2021-10-14T12:43:29","date_gmt":"2021-10-14T15:43:29","guid":{"rendered":"https:\/\/www.semanariolocal.cl\/?p=2426"},"modified":"2021-10-14T12:43:30","modified_gmt":"2021-10-14T15:43:30","slug":"convencion-entregara-informacion-a-traves-del-portal-de-transparencia","status":"publish","type":"post","link":"https:\/\/www.semanariolocal.cl\/?p=2426","title":{"rendered":"Convenci\u00f3n entregar\u00e1 informaci\u00f3n a traves del portal de  Transparencia"},"content":{"rendered":"\n<p style=\"font-size:17px\">Desde este mi\u00e9rcoles 13 de octubre la Convenci\u00f3n Constitucional est\u00e1 recibiendo solicitudes de acceso a la informaci\u00f3n a trav\u00e9s del Portal de Transparencia del Estado (<a href=\"https:\/\/trackercl1.fidelizador.com\/L10ECA407G62EF47HF40554J10E9543DE0K10ECA4079E8B6E82A09487A7\" target=\"_blank\" rel=\"noreferrer noopener\">www.portaltransparencia.cl<\/a>) y ha publicado aquello que acorde al reglamento general difundido en el Diario Oficial corresponde a \u201cinformaci\u00f3n cr\u00edtica (desde el punto de vista del p\u00fablico general) sobre el funcionamiento y avances de la Convenci\u00f3n Constitucional\u201d, se lee en el art\u00edculo 48.<\/p>\n\n\n\n<p style=\"font-size:17px\">En la plataforma actualmente se encuentra disponible informaci\u00f3n de 840 entidades p\u00fablicas o sujetos obligados acorde a lo establecido por la normativa vigente. Pese a que el \u00f3rgano constituyente no tiene obligaciones en la materia, de forma voluntaria han decidido adoptar mecanismos de acceso a la informaci\u00f3n, es decir, responder requerimientos de las personas as\u00ed como en transparencia activa, manteniendo disponible y actualizada informaci\u00f3n para la ciudadan\u00eda.<\/p>\n\n\n\n<p style=\"font-size:17px\">\u201cComo Consejo para la Transparencia nos pusimos al servicio de la Convenci\u00f3n desde el primer d\u00eda para apoyarlos en aquellas materias asociadas a transparencia, integridad y probidad en las que consideren que podemos prestarles ayuda desde nuestra experiencia\u201d, dijo la titular del Consejo para la Transparencia, Gloria de la Fuente.<\/p>\n\n\n\n<p style=\"font-size:17px\">Asimismo, la titular del CPLT destac\u00f3 que el mecanismo para responder a solicitudes de informaci\u00f3n de parte de las personas interesadas tiene est\u00e1ndares m\u00e1s exigentes que los que establece la ley vigente para organismos de la administraci\u00f3n central. \u201cPor ejemplo, el plazo de respuesta es de 10 d\u00edas h\u00e1biles, cuando en el Estado es el doblen en plataformasmaciciue otras entidades y autoridades repliquen en un contexto de crisis de confianza e integridad\u00bbnte valorado. Estamos entonces ante una pr\u00e1ctica de transparencia proactiva \u00fanica y que esperamos que otras entidades y autoridades repliquen en un contexto de crisis de confianza e integridad\u201d, agreg\u00f3.<\/p>\n\n\n\n<p style=\"font-size:17px\">\u201cEl que hoy la Convenci\u00f3n publique informaci\u00f3n en plataformas a las que puede acceder cualquier persona es resultado de un trabajo conjunto, tras el convenio que suscribimos en julio, y que permitir\u00e1 a las personas acceder a informaci\u00f3n sobre el proceso constituyente y hacer control social\u201d, subray\u00f3 De la Fuente.<\/p>\n\n\n\n<p style=\"font-size:17px\">Aclar\u00f3 adem\u00e1s que \u201cEn su calidad de \u00f3rgano independiente y soberano como Consejo no tenemos potestad sobre el \u00f3rgano constituyente, pero han entendido que como principio la transparencia es sumamente valorada y demandada por la ciudadan\u00eda y han decidido ir m\u00e1s all\u00e1 de la ley, algo que pedimos de manera permanente a otras instituciones\u201d.<\/p>\n\n\n\n<p style=\"font-size:17px\"><strong>Procedimiento para proteger el derecho a la informaci\u00f3n<\/strong><\/p>\n\n\n\n<p style=\"font-size:17px\">La Convenci\u00f3n Constitucional detalla adem\u00e1s el mecanismo para poder reclamar ante la no entrega de informaci\u00f3n solicitada por los ciudadanos en su reglamento de \u00e9tica y convivencia, en el que aborda \u00e9stas y otras tem\u00e1ticas asociadas a su funcionamiento. En dicho documento se establece que ser\u00e1 el Comit\u00e9 de \u00c9tica el encargado de ver casos en los que el solicitante no recibi\u00f3 respuesta en el plazo establecido, se le neg\u00f3 el acceso a la informaci\u00f3n requerida, los antecedentes entregados son parciales o si la respuesta no corresponde a la informaci\u00f3n que pidi\u00f3.<\/p>\n","protected":false},"excerpt":{"rendered":"<p>Presidenta del Consejo para la Transparencia valor\u00f3 la iniciativa en tanto fueron proactivamente por sobre lo que establece la la ley y con est\u00e1ndares m\u00e1s altos. En el reglamento general del \u00f3rgano constituyente publicado en el Diario Oficial ayer, el se contemplan mecanismos para resolver consultas de la ciudadan\u00eda y tambi\u00e9n mantener publicada \u201cinformaci\u00f3n cr\u00edtica\u201d sobre su quehacer.<\/p>\n","protected":false},"author":1,"featured_media":2427,"comment_status":"closed","ping_status":"closed","sticky":false,"template":"","format":"standard","meta":{"footnotes":""},"categories":[3,6],"tags":[],"class_list":["post-2426","post","type-post","status-publish","format-standard","has-post-thumbnail","hentry","category-al-dia","category-politica"],"_links":{"self":[{"href":"https:\/\/www.semanariolocal.cl\/index.php?rest_route=\/wp\/v2\/posts\/2426","targetHints":{"allow":["GET"]}}],"collection":[{"href":"https:\/\/www.semanariolocal.cl\/index.php?rest_route=\/wp\/v2\/posts"}],"about":[{"href":"https:\/\/www.semanariolocal.cl\/index.php?rest_route=\/wp\/v2\/types\/post"}],"author":[{"embeddable":true,"href":"https:\/\/www.semanariolocal.cl\/index.php?rest_route=\/wp\/v2\/users\/1"}],"replies":[{"embeddable":true,"href":"https:\/\/www.semanariolocal.cl\/index.php?rest_route=%2Fwp%2Fv2%2Fcomments&post=2426"}],"version-history":[{"count":1,"href":"https:\/\/www.semanariolocal.cl\/index.php?rest_route=\/wp\/v2\/posts\/2426\/revisions"}],"predecessor-version":[{"id":2428,"href":"https:\/\/www.semanariolocal.cl\/index.php?rest_route=\/wp\/v2\/posts\/2426\/revisions\/2428"}],"wp:featuredmedia":[{"embeddable":true,"href":"https:\/\/www.semanariolocal.cl\/index.php?rest_route=\/wp\/v2\/media\/2427"}],"wp:attachment":[{"href":"https:\/\/www.semanariolocal.cl\/index.php?rest_route=%2Fwp%2Fv2%2Fmedia&parent=2426"}],"wp:term":[{"taxonomy":"category","embeddable":true,"href":"https:\/\/www.semanariolocal.cl\/index.php?rest_route=%2Fwp%2Fv2%2Fcategories&post=2426"},{"taxonomy":"post_tag","embeddable":true,"href":"https:\/\/www.semanariolocal.cl\/index.php?rest_route=%2Fwp%2Fv2%2Ftags&post=2426"}],"curies":[{"name":"wp","href":"https:\/\/api.w.org\/{rel}","templated":true}]}}