{"id":2411,"date":"2021-10-12T09:45:00","date_gmt":"2021-10-12T12:45:00","guid":{"rendered":"https:\/\/www.semanariolocal.cl\/?p=2411"},"modified":"2021-10-12T23:51:01","modified_gmt":"2021-10-13T02:51:01","slug":"diputada-emilia-nuyado-estado-de-emergencia-en-araucania-es-cortina-de-humo","status":"publish","type":"post","link":"https:\/\/www.semanariolocal.cl\/?p=2411","title":{"rendered":"Diputada Emilia Nuyado: Estado de emergencia en Araucan\u00eda es cortina de humo"},"content":{"rendered":"\n<p style=\"font-size:18px\">A juicio de la parlamentaria, \u00abes una demostraci\u00f3n que este gobierno y al Presidente, Sebasti\u00e1n Pi\u00f1era, no le interesa para nada el di\u00e1logo\u00a0pol\u00edtico y tampoco quieren resolver el tema de las restituci\u00f3n de tierras. Lo que est\u00e1n anunciando no es\u00a0novedoso,\u00a0 la militarizaci\u00f3n en la araucan\u00eda lleva a\u00f1os y no soluciona nada, solo contribuir\u00e1 a m\u00e1s enfrentamientos\u00bb \u00abA\u00a0m\u00ed me da la impresi\u00f3n esto es una cortina de humo para desviar la atenci\u00f3n de los Pandora Papers, que tienen al Presidente siendo acusado constitucionalmente\u00bb, agreg\u00f3.<\/p>\n\n\n\n<p style=\"font-size:18px\">Asimismo&nbsp;la diputada Nuyado record\u00f3 que \u00abeste a\u00f1o el gobierno no us\u00f3 los recursos que estaban destinados para la compra de tierras, eso demuestra que nunca han tenido la intenci\u00f3n de comenzar un proceso serio de di\u00e1logo con las comunidades mapuche. El gobierno solo cree en la medidas represivas y la militarizaci\u00f3n\u00bb.<\/p>\n\n\n\n<p style=\"font-size:18px\">Sobre este mismo punto, la parlamentaria mapuche agreg\u00f3 que \u00abtodas estas medidas s\u00f3lo apuntan a justificar los allanamientos, la estigmatizaci\u00f3n y la persecuci\u00f3n del Pueblo Mapuche\u00bb.<\/p>\n\n\n\n<p style=\"font-size:18px\">\u00abNosotros queremos di\u00e1logo, pero eso no va &nbsp;a resultar a punta de pistola, ni con tanquetas de carabineros en nuestras comunidades. Eso solo va a aumentar la violencia.El gobierno solo le est\u00e1 poniendo m\u00e1s bencina al fuego\u00bb, concluy\u00f3 Emilia Nuyado.<\/p>\n","protected":false},"excerpt":{"rendered":"<p>La diputada Mapuche, Emilia Nuyado rechaz\u00f3 la eventual declaraci\u00f3n de Estado de Emergencia en la Araucan\u00eda seg\u00fan han confirmado parlamentarios oficialistas.<\/p>\n","protected":false},"author":1,"featured_media":2412,"comment_status":"closed","ping_status":"closed","sticky":false,"template":"","format":"standard","meta":{"footnotes":""},"categories":[3,6],"tags":[],"class_list":["post-2411","post","type-post","status-publish","format-standard","has-post-thumbnail","hentry","category-al-dia","category-politica"],"_links":{"self":[{"href":"https:\/\/www.semanariolocal.cl\/index.php?rest_route=\/wp\/v2\/posts\/2411","targetHints":{"allow":["GET"]}}],"collection":[{"href":"https:\/\/www.semanariolocal.cl\/index.php?rest_route=\/wp\/v2\/posts"}],"about":[{"href":"https:\/\/www.semanariolocal.cl\/index.php?rest_route=\/wp\/v2\/types\/post"}],"author":[{"embeddable":true,"href":"https:\/\/www.semanariolocal.cl\/index.php?rest_route=\/wp\/v2\/users\/1"}],"replies":[{"embeddable":true,"href":"https:\/\/www.semanariolocal.cl\/index.php?rest_route=%2Fwp%2Fv2%2Fcomments&post=2411"}],"version-history":[{"count":1,"href":"https:\/\/www.semanariolocal.cl\/index.php?rest_route=\/wp\/v2\/posts\/2411\/revisions"}],"predecessor-version":[{"id":2413,"href":"https:\/\/www.semanariolocal.cl\/index.php?rest_route=\/wp\/v2\/posts\/2411\/revisions\/2413"}],"wp:featuredmedia":[{"embeddable":true,"href":"https:\/\/www.semanariolocal.cl\/index.php?rest_route=\/wp\/v2\/media\/2412"}],"wp:attachment":[{"href":"https:\/\/www.semanariolocal.cl\/index.php?rest_route=%2Fwp%2Fv2%2Fmedia&parent=2411"}],"wp:term":[{"taxonomy":"category","embeddable":true,"href":"https:\/\/www.semanariolocal.cl\/index.php?rest_route=%2Fwp%2Fv2%2Fcategories&post=2411"},{"taxonomy":"post_tag","embeddable":true,"href":"https:\/\/www.semanariolocal.cl\/index.php?rest_route=%2Fwp%2Fv2%2Ftags&post=2411"}],"curies":[{"name":"wp","href":"https:\/\/api.w.org\/{rel}","templated":true}]}}