{"id":23786,"date":"2024-09-29T11:08:00","date_gmt":"2024-09-29T14:08:00","guid":{"rendered":"https:\/\/www.semanariolocal.cl\/?p=23786"},"modified":"2024-10-01T23:12:46","modified_gmt":"2024-10-02T02:12:46","slug":"reajuste-en-las-cuentas-de-la-energia-electrica","status":"publish","type":"post","link":"https:\/\/www.semanariolocal.cl\/?p=23786","title":{"rendered":"Reajuste en las cuentas de la energ\u00eda el\u00e9ctrica"},"content":{"rendered":"\n<p>Si bien ya en junio y julio pasado hemos sentido el impacto del 7% y 12% respectivamente en las cuentas de energ\u00eda el\u00e9ctrica, el efecto m\u00e1s grande lo tendremos a contar de este 1\u00ba de Octubre, fecha desde la cual, la CNE ha establecido un reajuste de un 23% sobre las tarifas.<\/p>\n\n\n\n<p>Esta alza impactar\u00e1 fuertemente en los presupuestos familiares, ya que, siendo un elemento b\u00e1sico de subsistencia, el pago tendr\u00e1 que efectuarse normalmente, modificando los presupuestos disponibles para otros \u00edtems, situaci\u00f3n que ya en algunas comunas del pa\u00eds ha sido enfrentado mediante el sistema de subsidio, por parte del estado, pero este no alcanza ni cubre todos los segmentos sociales, siendo la clase media (nuevamente) la m\u00e1s afectada ya que sus ingresos no sufrir\u00e1n un reajuste similar.<\/p>\n\n\n\n<p>Lo anterior implica en muchos casos cambios de h\u00e1bitos, conductas y calidad de vida, sobre todo en estos tiempos donde todos los equipos dom\u00e9sticos son el\u00e9ctricos, tales como cocinas, hornos, termos, etc, situaci\u00f3n que obligar\u00e1 en muchos casos a volver a las cocinas a gas ( con el costo que ello implica), calefones y calefactores en las misma condiciones.<\/p>\n\n\n\n<p>Estos cambios en las condiciones y calidad de vida de la poblaci\u00f3n afectada pudieran propiciar mayores cargas de estr\u00e9s tanto al interior de los n\u00facleos como tambi\u00e9n en los entornos directos, con las consecuencias que ya estamos evidenciado, mayor irritabilidad, menor tolerancia, aumento de enfermedades, etc.<\/p>\n\n\n\n<p>Desde la mirada empresarial, los m\u00e1s afectados ser\u00e1n nuevamente las PYMES ( aun cuando existe una \u201cbolsa\u201d para Pymes), muchas de las cuales dependen del suministro el\u00e9ctrico para sus vitrinas, establecimientos, procesos y comercializaci\u00f3n, provocando un aumento progresivo en los costos, los cuales tarde o temprano ser\u00e1n traspasados a precios y por ende golpearan nuevamente a los consumidores, pudiendo generar una disminuci\u00f3n en el consumo de sus productos y por ende una contracci\u00f3n en los ingresos de los agentes comerciales, con los efectos de corto y mediano plazo ya conocidos.<\/p>\n\n\n\n<p>Esta situaci\u00f3n, tambi\u00e9n podr\u00eda generar una oportunidad para la conversi\u00f3n a fuentes alternativas (paneles u otros) de energ\u00eda, pero los altos costos y sus extensos periodos de retorno (a nivel familiar y de peque\u00f1os negocios) lo hacen una opci\u00f3n inviable en el corto plazo.<\/p>\n\n\n\n<p>Estos efectos directos e indirectos obligar\u00e1n a las familias a reformular sus presupuestos, buscar nuevas alternativas de ingresos y\/o cambiar sus h\u00e1bitos de consumo (en la medida de lo posible), por otra parte, las peque\u00f1as y medianas empresas deber\u00e1n buscar mecanismos para la optimizaci\u00f3n de sus recursos, y planes de eficiencia energ\u00e9tica al m\u00e1s breve plazo posible, de forma tal de compensar los efectos negativos antes mencionados.<\/p>\n\n\n\n<p><strong>Marcelo Guti\u00e9rrez Delgado &#8211; Acad\u00e9mico Ingenier\u00eda Comercial &#8211; Universidad Andr\u00e9s Bello<\/strong><\/p>\n","protected":false},"excerpt":{"rendered":"<p>Si bien ya en junio y julio pasado hemos sentido el impacto del 7% y 12% respectivamente en las cuentas de energ\u00eda el\u00e9ctrica, el efecto m\u00e1s grande lo tendremos a contar de este 1\u00ba de Octubre, fecha desde la cual, la CNE ha establecido un reajuste de un 23% sobre las tarifas. Esta alza impactar\u00e1&#8230;<a class=\"btnReadMore\" href=\"https:\/\/www.semanariolocal.cl\/?p=23786\"> Leer M\u00e1s<\/a><\/p>\n","protected":false},"author":1,"featured_media":23787,"comment_status":"closed","ping_status":"closed","sticky":false,"template":"","format":"standard","meta":{"footnotes":""},"categories":[3,7],"tags":[2118,337,273,247,133,1822],"class_list":["post-23786","post","type-post","status-publish","format-standard","has-post-thumbnail","hentry","category-al-dia","category-opinion","tag-semanariolocal","tag-informacion","tag-noticias","tag-region-de-los-lagos","tag-semanario-local","tag-universidad-andres-bello"],"_links":{"self":[{"href":"https:\/\/www.semanariolocal.cl\/index.php?rest_route=\/wp\/v2\/posts\/23786","targetHints":{"allow":["GET"]}}],"collection":[{"href":"https:\/\/www.semanariolocal.cl\/index.php?rest_route=\/wp\/v2\/posts"}],"about":[{"href":"https:\/\/www.semanariolocal.cl\/index.php?rest_route=\/wp\/v2\/types\/post"}],"author":[{"embeddable":true,"href":"https:\/\/www.semanariolocal.cl\/index.php?rest_route=\/wp\/v2\/users\/1"}],"replies":[{"embeddable":true,"href":"https:\/\/www.semanariolocal.cl\/index.php?rest_route=%2Fwp%2Fv2%2Fcomments&post=23786"}],"version-history":[{"count":1,"href":"https:\/\/www.semanariolocal.cl\/index.php?rest_route=\/wp\/v2\/posts\/23786\/revisions"}],"predecessor-version":[{"id":23788,"href":"https:\/\/www.semanariolocal.cl\/index.php?rest_route=\/wp\/v2\/posts\/23786\/revisions\/23788"}],"wp:featuredmedia":[{"embeddable":true,"href":"https:\/\/www.semanariolocal.cl\/index.php?rest_route=\/wp\/v2\/media\/23787"}],"wp:attachment":[{"href":"https:\/\/www.semanariolocal.cl\/index.php?rest_route=%2Fwp%2Fv2%2Fmedia&parent=23786"}],"wp:term":[{"taxonomy":"category","embeddable":true,"href":"https:\/\/www.semanariolocal.cl\/index.php?rest_route=%2Fwp%2Fv2%2Fcategories&post=23786"},{"taxonomy":"post_tag","embeddable":true,"href":"https:\/\/www.semanariolocal.cl\/index.php?rest_route=%2Fwp%2Fv2%2Ftags&post=23786"}],"curies":[{"name":"wp","href":"https:\/\/api.w.org\/{rel}","templated":true}]}}