{"id":2372,"date":"2021-10-10T07:57:00","date_gmt":"2021-10-10T10:57:00","guid":{"rendered":"https:\/\/www.semanariolocal.cl\/?p=2372"},"modified":"2021-10-12T10:59:50","modified_gmt":"2021-10-12T13:59:50","slug":"cplt-pide-a-autoridades-senales-concretas-de-compromiso-con-la-integridad-publica","status":"publish","type":"post","link":"https:\/\/www.semanariolocal.cl\/?p=2372","title":{"rendered":"CPLT pide a autoridades se\u00f1ales concretas de compromiso con la integridad p\u00fablica\u201d"},"content":{"rendered":"\n<p style=\"font-size:17px\">Un llamado a que \u201clas autoridades den se\u00f1ales muy concretas de su compromiso con la integridad p\u00fablica, con la probidad y la transparencia, incluso, m\u00e1s all\u00e1 de la norma\u201d, hizo la presidenta del Consejo para la Transparencia, Gloria de la Fuente, respecto de los antecedentes que se han conocido sobre la venta de minera Dominga a trav\u00e9s de los \u201cPandora Papers\u201d.<\/p>\n\n\n\n<p style=\"font-size:17px\">A pocos d\u00edas de cumplir un a\u00f1o a la cabeza del \u00f3rgano que debe velar por el cumplimiento de la ley de acceso a la informaci\u00f3n p\u00fablica, De la Fuente abord\u00f3 tambi\u00e9n las situaciones de eventuales irregularidades que afectan a distintos municipios del pa\u00eds. Para prevenir estos y otros hechos, apunt\u00f3, se requiere una visi\u00f3n macro que implica \u201cgenerar coherencia y un ecosistema en materia de transparencia\u201d e integridad p\u00fablica. Agreg\u00f3 que pese a registrarse avances en este sentido \u201cNo basta solo con la Ley de Transparencia, se debe tener un conjunto de normas e instituciones haciendo el trabajo para asegurar que los est\u00e1ndares de probidad, la integridad en lo p\u00fablico, se cumplan\u201d.<\/p>\n\n\n\n<p style=\"font-size:17px\">Subray\u00f3: \u201cAvanzar m\u00e1s all\u00e1 es voluntad pol\u00edtica. Internacionalmente reconocen que tenemos buenas leyes en relaci\u00f3n al lobby, transparencia y probidad. Pero no es suficiente, porque como las leyes se sofistican, la corrupci\u00f3n tambi\u00e9n\u201d.<\/p>\n\n\n\n<p style=\"font-size:17px\">A nivel municipal dijo que: \u201cse requiere un compromiso particularmente de las autoridades locales, que son la cara visible que tienen los ciudadanos frente al Estado. Hay un compromiso de avanzar en materia de transparencia, m\u00e1s all\u00e1 de lo que establece la ley, por principio, por c\u00f3digo. Por la construcci\u00f3n de una democracia m\u00e1s s\u00f3lida\u201d subray\u00f3.<\/p>\n\n\n\n<p style=\"font-size:17px\">La autoridad explic\u00f3 parte del trabajo que el Consejo para la Transparencia est\u00e1 desarrollando actualmente con los municipios, en una l\u00ednea de acci\u00f3n que implement\u00f3 hace varios a\u00f1os, pero que hoy tiene un especial foco en gobiernos regionales y municipalidades, particularmente en el caso de las nuevas autoridades elegidas en 2021 en uno de los procesos de mayor renovaci\u00f3n de cargos locales desde el regreso a la democracia.<\/p>\n\n\n\n<p style=\"font-size:17px\">En dicho contexto detall\u00f3 que el programa de acompa\u00f1amiento integral que impulsa el CPLT involucra capacitaciones no s\u00f3lo en materia de transparencia, sino tambi\u00e9n desde la perspectiva de un conjunto de normas e instituciones que conforman un ecosistema de transparencia e integridad p\u00fablica.<\/p>\n\n\n\n<p style=\"font-size:17px\"><strong>Corporaciones municipales: Mejorar la normativa<\/strong><\/p>\n\n\n\n<p style=\"font-size:17px\">Al analizar las situaciones que se investigan en diversos municipios, la titular del Consejo apunt\u00f3 a la relevancia de abordar lo que ocurre desde la perspectiva normativa en el caso de las corporaciones municipales, que no est\u00e1n expl\u00edcitamente mencionadas en la Ley de Transparencia como sujetos a los que se les resultan aplicables las obligaciones establecidas en esta norma, lo que implica ciertas excepciones en materia de cumplimiento.<\/p>\n\n\n\n<p style=\"font-size:17px\">Al respecto coment\u00f3 que se discute en la actualidad un proyecto de ley de transparencia que, pese a no satisfacer todas las aspiraciones del organismo y lo establecido por referentes internacionales -como la Ley Modelo Interamericana 2.0 de la Organizaci\u00f3n de Estados Americanos (OEA)-, s\u00ed aborda la problem\u00e1tica de las corporaciones y otras entidades de derecho privado.<\/p>\n\n\n\n<p style=\"font-size:17px\">En la iniciativa de ley se \u201cindica que toda instituci\u00f3n, fundaci\u00f3n o corporaci\u00f3n que reciba recursos p\u00fablicos son sujetos en materia de transparencia. Eso puede ser un cambio bien relevante a la hora de lo que hemos visto en este tiempo. Finalmente, las corporaciones de derecho privado, que permite la ley que se creen, terminan siendo una especie de caja negra respecto de lo que ah\u00ed ocurre con recursos de todos los chilenos\u201d.<\/p>\n\n\n\n<p style=\"font-size:17px\"><strong>Compra de Dominga<\/strong><\/p>\n\n\n\n<p style=\"font-size:17px\">Consultada por la venta de minera Dominga, De la Fuente afirm\u00f3: \u201c Tenemos normas que hemos ido legislando sobre materias de probidad y transparencia de las autoridades, pero nada se compara con el actuar \u00edntegro en lo p\u00fablico. Vamos a ver c\u00f3mo se resuelve este caso. No nos corresponde como Consejo pronunciarnos respecto a materias legales, eso lo har\u00e1 el Ministerio P\u00fablico; sin embargo, situaciones como esta son malas noticias para el pa\u00eds, porque nos retrotraen como un escenario pre estallido\u201d.<\/p>\n\n\n\n<p style=\"font-size:17px\">Lo anterior dado que \u201cLa discusi\u00f3n principal est\u00e1 en la integridad en lo p\u00fablico, pero sobre todo sobre el abuso de poder. Yo creo que es importante que las autoridades den se\u00f1ales muy concretas de su compromiso con la integridad p\u00fablica, con la probidad y la transparencia, incluso, m\u00e1s all\u00e1 de la norma\u201d.<\/p>\n","protected":false},"excerpt":{"rendered":"<p>La titular del Consejo se refiri\u00f3 a los antecedentes que se conocieron por los \u201cPandora Papers\u201d, y a eventuales irregularidades en municipios, particularmente a casos que involucran a corporaciones municipales que se transforman en \u201ccajas negras\u201d. Pese a considerar positivo que el proyecto de ley que readec\u00faa la normativa de Transparencia \u2013actualmente en tr\u00e1mite en el Parlamento- al establecer obligaciones expl\u00edcitas en el caso de \u00e9stas y otras entidades de derecho privado, critic\u00f3 que la iniciativa est\u00e9 lejos de est\u00e1ndares como los que plantea la Ley Modelo Interamericana 2.0 de la OEA.<\/p>\n","protected":false},"author":1,"featured_media":2373,"comment_status":"closed","ping_status":"closed","sticky":false,"template":"","format":"standard","meta":{"footnotes":""},"categories":[3],"tags":[],"class_list":["post-2372","post","type-post","status-publish","format-standard","has-post-thumbnail","hentry","category-al-dia"],"_links":{"self":[{"href":"https:\/\/www.semanariolocal.cl\/index.php?rest_route=\/wp\/v2\/posts\/2372","targetHints":{"allow":["GET"]}}],"collection":[{"href":"https:\/\/www.semanariolocal.cl\/index.php?rest_route=\/wp\/v2\/posts"}],"about":[{"href":"https:\/\/www.semanariolocal.cl\/index.php?rest_route=\/wp\/v2\/types\/post"}],"author":[{"embeddable":true,"href":"https:\/\/www.semanariolocal.cl\/index.php?rest_route=\/wp\/v2\/users\/1"}],"replies":[{"embeddable":true,"href":"https:\/\/www.semanariolocal.cl\/index.php?rest_route=%2Fwp%2Fv2%2Fcomments&post=2372"}],"version-history":[{"count":1,"href":"https:\/\/www.semanariolocal.cl\/index.php?rest_route=\/wp\/v2\/posts\/2372\/revisions"}],"predecessor-version":[{"id":2374,"href":"https:\/\/www.semanariolocal.cl\/index.php?rest_route=\/wp\/v2\/posts\/2372\/revisions\/2374"}],"wp:featuredmedia":[{"embeddable":true,"href":"https:\/\/www.semanariolocal.cl\/index.php?rest_route=\/wp\/v2\/media\/2373"}],"wp:attachment":[{"href":"https:\/\/www.semanariolocal.cl\/index.php?rest_route=%2Fwp%2Fv2%2Fmedia&parent=2372"}],"wp:term":[{"taxonomy":"category","embeddable":true,"href":"https:\/\/www.semanariolocal.cl\/index.php?rest_route=%2Fwp%2Fv2%2Fcategories&post=2372"},{"taxonomy":"post_tag","embeddable":true,"href":"https:\/\/www.semanariolocal.cl\/index.php?rest_route=%2Fwp%2Fv2%2Ftags&post=2372"}],"curies":[{"name":"wp","href":"https:\/\/api.w.org\/{rel}","templated":true}]}}