{"id":2369,"date":"2021-10-10T08:52:00","date_gmt":"2021-10-10T11:52:00","guid":{"rendered":"https:\/\/www.semanariolocal.cl\/?p=2369"},"modified":"2021-10-12T10:54:59","modified_gmt":"2021-10-12T13:54:59","slug":"dga-revierte-decision-de-intervenir-el-rio-aconcagua-tras-escuchar-a-los-afectados","status":"publish","type":"post","link":"https:\/\/www.semanariolocal.cl\/?p=2369","title":{"rendered":"DGA revierte decisi\u00f3n de intervenir el r\u00edo Aconcagua tras escuchar a los afectados"},"content":{"rendered":"\n<p style=\"font-size:17px\">Luego que la Direcci\u00f3n General de Aguas (DGA) revirtiera su decisi\u00f3n de intervenir el r\u00edo Aconcagua, lo que significaba un impacto social irreparable para la zona, y no ayudaba para nada a asegurar el agua para las comunas urbanas de la Regi\u00f3n de Valpara\u00edso, y que fue un cambio gracias a la presi\u00f3n de los regantes, gobernaci\u00f3n y alcaldes, el presidente de Fedefruta Jorge Valenzuela declara lo siguiente:&nbsp;<\/p>\n\n\n\n<p style=\"font-size:17px\">\u00abLa intervenci\u00f3n del r\u00edo Aconcagua por parte de la Direcci\u00f3n General de Aguas se trat\u00f3, evidentemente, de una medida tomada sin la informaci\u00f3n debida. Prueba de ello es que en muy poco tiempo se dej\u00f3 sin efecto\u00bb.&nbsp;<\/p>\n\n\n\n<p style=\"font-size:17px\">\u00abEsta zona de la Regi\u00f3n de Valpara\u00edso se sostiene por la agricultura, cuyos regantes han trabajado much\u00edsimo no solo para hacer el uso m\u00e1s eficiente del agua, sino para asegurarla para el consumo de la poblaci\u00f3n en tiempos de sequ\u00eda extrema\u00bb.<\/p>\n\n\n\n<p style=\"font-size:17px\">\u00abSon m\u00e1s de 7.000 peque\u00f1os agricultores que, al organizarse, permitieron dejar sin efecto esta medida mal estudiada por parte de la DGA. Adem\u00e1s, la reacci\u00f3n de la Junta de Vigilancia de la primera secci\u00f3n del r\u00edo Aconcagua, con las gestiones de su presidente y vicepresidente, Javier Crasemann y Fernando Iacobelli, fue clave para revertir esta situaci\u00f3n que condenaba a dejar seco el Aconcagua, y que no ayudaba con el objetivo inicial de la DGA de asegurar agua para las grandes zonas urbanas de la Regi\u00f3n de Valpara\u00edso\u00bb.&nbsp;<\/p>\n\n\n\n<p style=\"font-size:17px\">\u00abTambi\u00e9n, como Fedefruta agradecemos las gestiones realizadas por la ministra de Agricultura, Mar\u00eda Emilia Undurraga, apenas le informaci\u00f3n de la gravedad de esta situaci\u00f3n, y de inviabilidad de la medida para la poblaci\u00f3n y los productores agr\u00edcolas\/frut\u00edcolas\u00bb.&nbsp;<\/p>\n\n\n\n<p style=\"font-size:17px\">\u00abEste conflicto -que no era necesario- es prueba una vez m\u00e1s de lo que hemos venido diciendo a cuanto a organizarnos como sociedad civil, instituciones y estado, en cuanto a elevar el tema del agua a una prioridad estrat\u00e9gica, que nos permita dise\u00f1ar planes concretos que sean de largo plazo aunque ejecutables a la brevedad, para enfrentar la sequ\u00eda y asegurar el agua para todas las necesidades del pa\u00eds, sean de consumo, alimentaci\u00f3n, sanitizaci\u00f3n, y bienestar tanto social como ambiental\u00bb.&nbsp;<\/p>\n\n\n\n<p style=\"font-size:17px\">\u00abTan importante como eso, esperamos que todos los regantes de la cuenca sigan trabajando en conjunto para enfrentar la sequ\u00eda, como es el esp\u00edritu de las mesas y los acuerdos que se han tomado en este tiempo, a falta de planes estrat\u00e9gicos a nivel nacional para abordar este tema\u00bb.&nbsp;<\/p>\n","protected":false},"excerpt":{"rendered":"<p>Luego que la Direcci\u00f3n General de Aguas (DGA) revirtiera su decisi\u00f3n de intervenir el r\u00edo Aconcagua, lo que significaba un impacto social irreparable para la zona, y no ayudaba para nada a asegurar el agua para las comunas urbanas de la Regi\u00f3n de Valpara\u00edso, y que fue un cambio gracias a la presi\u00f3n de los&#8230;<a class=\"btnReadMore\" href=\"https:\/\/www.semanariolocal.cl\/?p=2369\"> Leer M\u00e1s<\/a><\/p>\n","protected":false},"author":1,"featured_media":2370,"comment_status":"closed","ping_status":"closed","sticky":false,"template":"","format":"standard","meta":{"footnotes":""},"categories":[20,3,8],"tags":[],"class_list":["post-2369","post","type-post","status-publish","format-standard","has-post-thumbnail","hentry","category-agro","category-al-dia","category-comunas"],"_links":{"self":[{"href":"https:\/\/www.semanariolocal.cl\/index.php?rest_route=\/wp\/v2\/posts\/2369","targetHints":{"allow":["GET"]}}],"collection":[{"href":"https:\/\/www.semanariolocal.cl\/index.php?rest_route=\/wp\/v2\/posts"}],"about":[{"href":"https:\/\/www.semanariolocal.cl\/index.php?rest_route=\/wp\/v2\/types\/post"}],"author":[{"embeddable":true,"href":"https:\/\/www.semanariolocal.cl\/index.php?rest_route=\/wp\/v2\/users\/1"}],"replies":[{"embeddable":true,"href":"https:\/\/www.semanariolocal.cl\/index.php?rest_route=%2Fwp%2Fv2%2Fcomments&post=2369"}],"version-history":[{"count":1,"href":"https:\/\/www.semanariolocal.cl\/index.php?rest_route=\/wp\/v2\/posts\/2369\/revisions"}],"predecessor-version":[{"id":2371,"href":"https:\/\/www.semanariolocal.cl\/index.php?rest_route=\/wp\/v2\/posts\/2369\/revisions\/2371"}],"wp:featuredmedia":[{"embeddable":true,"href":"https:\/\/www.semanariolocal.cl\/index.php?rest_route=\/wp\/v2\/media\/2370"}],"wp:attachment":[{"href":"https:\/\/www.semanariolocal.cl\/index.php?rest_route=%2Fwp%2Fv2%2Fmedia&parent=2369"}],"wp:term":[{"taxonomy":"category","embeddable":true,"href":"https:\/\/www.semanariolocal.cl\/index.php?rest_route=%2Fwp%2Fv2%2Fcategories&post=2369"},{"taxonomy":"post_tag","embeddable":true,"href":"https:\/\/www.semanariolocal.cl\/index.php?rest_route=%2Fwp%2Fv2%2Ftags&post=2369"}],"curies":[{"name":"wp","href":"https:\/\/api.w.org\/{rel}","templated":true}]}}