{"id":23599,"date":"2024-09-16T16:16:15","date_gmt":"2024-09-16T19:16:15","guid":{"rendered":"https:\/\/www.semanariolocal.cl\/?p=23599"},"modified":"2024-09-16T16:16:16","modified_gmt":"2024-09-16T19:16:16","slug":"ancud-y-osorno-representaran-a-la-region-en-futsal-de-los-juegos-deportivos-escolares","status":"publish","type":"post","link":"https:\/\/www.semanariolocal.cl\/?p=23599","title":{"rendered":"Ancud y Osorno representar\u00e1n a la regi\u00f3n en futsal de los Juegos Deportivos Escolares"},"content":{"rendered":"\n<p>Los elencos del Colegio Seminario Conciliar de Ancud en damas y Colegio San Jos\u00e9 de Osorno en varones ganaron el Campeonato Regional de futsal, categor\u00eda Sub 14, de los Juegos Deportivos Escolares.<\/p>\n\n\n\n<p>La competencia se llev\u00f3 a cabo en el gimnasio del Liceo de Rahue de Osorno y cont\u00f3 con la presencia de la Seremi del Deporte, Carolina Urrutia Soto.<\/p>\n\n\n\n<p>El segundo lugar en damas fue para el equipo del Liceo Carmela Carvajal de Prat de Osorno, el tercer puesto lo ocup\u00f3 el Colegio Madre de Dios de Frutillar y cuarto result\u00f3 la Escuela Roberto White Gesell de Palena.<\/p>\n\n\n\n<p>Mientras que en varones el segundo lugar fue para el equipo de la Escuela Arturo Prat Chac\u00f3n de Puerto Montt, la segunda posici\u00f3n para el Liceo Insular de Quinchao y cuarto result\u00f3, la Escuela Roberto White Gesell de Palena.<\/p>\n\n\n\n<p>La Seremi del Deporte, Carolina Urrutia Soto, se refiri\u00f3 a este campeonato, mencionando que \u201cEstamos terminando la final regional de futsal, tanto damas como varones, donde pudimos disfrutar en el Liceo Rahue, que agradecemos que nos hayan facilitado su recinto. En esta final se enfrentaron en categor\u00eda damas el Liceo Carmela Carvajal de Prat de Osorno contra el Colegio Seminario Conciliar de Ancud, donde resultaron vencedoras estas \u00faltimas, as\u00ed que Ancud nos va a representar en los Juegos Deportivos Escolares, en su etapa nacional en la Regi\u00f3n Metropolitana. As\u00ed tambi\u00e9n, quiero felicitar a los deportistas que vivieron la final que se jug\u00f3 en la categor\u00eda varones, donde se enfrent\u00f3 el Colegio San Jos\u00e9 de Osorno frente a la Escuela Arturo Prat de Puerto Montt, siendo vencedores el Colegio San Jos\u00e9, que nos va a representar tambi\u00e9n en los Juegos Deportivos en su etapa nacional. Esperamos que esto sea un bonito evento donde ellos puedan disfrutar y ganar experiencia. Queremos agradecer el margen de p\u00fablico que vino, que fue muy llamativo, muy bonito, muchas familias que estuvieron presentes, alrededor de 300 personas. Vamos a seguir trabajando por el deporte, porque el Ministerio est\u00e1 dispuesto a seguir fomentando la actividad f\u00edsica y el deporte de alto rendimiento\u201d.<\/p>\n\n\n\n<p>Mientras que el Director Regional del IND, Ernesto Villarroel Jaramillo, indic\u00f3 que \u201cEste certamen es convocado por los ministerios de Deportes y Educaci\u00f3n, bajo la organizaci\u00f3n del Instituto Nacional de Deportes, con el objetivo de fomentar el desarrollo del deporte escolar, tanto en establecimientos municipales, como subvencionados y particulares de todo el pa\u00eds\u201d.<\/p>\n\n\n\n<p>Por su parte, Mat\u00edas Herrera Arismendi, entrenador del equipo femenino del Colegio Seminario Conciliar de Ancud, dijo que \u201cLas impresiones respecto a haber clasificado al nacional realmente es de mucha satisfacci\u00f3n, porque al final todo esto se trata de trabajo y no solo m\u00edo, sino que de las ni\u00f1as en particular y de los padres que est\u00e1n a cargo de ellas. Fue un campeonato dif\u00edcil, jugamos contra el \u00faltimo campe\u00f3n nacional, ya que el equipo de Osorno era muy bueno, pero gracias al esfuerzo de todas las ni\u00f1as, se logr\u00f3 tener un resultado satisfactorio, que fue clasificar al nacional\u201d.<\/p>\n\n\n\n<p>En tanto, Camilo Angulo, profesor del Colegio de San Jos\u00e9 y entrenador de futsal, sostuvo que \u201cLa verdad que fue un campeonato bastante disputado. Nos toc\u00f3 jugar contra Chilo\u00e9 y Llanquihue, que ten\u00edan un juego muy f\u00edsico y muy fuerte. Nosotros supimos mantenernos dentro de nuestro estilo de juego y logramos ganar una definici\u00f3n por penales. Ahora, ir al Nacional para Osorno es muy importante. Nuestra expectativa, obviamente es hacer un muy buen campeonato, tenemos un mes para prepararnos y tratar de lograr una cantidad de triunfos, que nos permita competir con los rivales de todas las regiones\u201d.<\/p>\n\n\n\n<p>Isabel Laubscher, jugadora del Colegio Seminario Conciliar de Ancud, expres\u00f3 que \u201cNos puso muy nerviosa a todas porque era una final, llegamos ac\u00e1 sin ninguna expectativa porque pod\u00edamos perder o ganar. Igual nos emociona a nosotras porque somos de una comuna que no se ve tanto el deporte. El f\u00fatbol es bueno y nos dio una alegr\u00eda venir ac\u00e1, porque pasamos por muchas etapas para estar aqu\u00ed y lo hicimos. Contenta del resultado del partido, somos campeonas y es una felicidad y emoci\u00f3n que no todas lo vivimos\u201d.<\/p>\n","protected":false},"excerpt":{"rendered":"<p>La final nacional de este deporte se disputar\u00e1 del 11 al 15 de octubre en la Regi\u00f3n Metropolitana.<\/p>\n","protected":false},"author":1,"featured_media":23600,"comment_status":"closed","ping_status":"closed","sticky":false,"template":"","format":"standard","meta":{"footnotes":""},"categories":[3,2434,2483],"tags":[2118,3508,337,273,247,133],"class_list":["post-23599","post","type-post","status-publish","format-standard","has-post-thumbnail","hentry","category-al-dia","category-deporte","category-region","tag-semanariolocal","tag-deporte-escolar","tag-informacion","tag-noticias","tag-region-de-los-lagos","tag-semanario-local"],"_links":{"self":[{"href":"https:\/\/www.semanariolocal.cl\/index.php?rest_route=\/wp\/v2\/posts\/23599","targetHints":{"allow":["GET"]}}],"collection":[{"href":"https:\/\/www.semanariolocal.cl\/index.php?rest_route=\/wp\/v2\/posts"}],"about":[{"href":"https:\/\/www.semanariolocal.cl\/index.php?rest_route=\/wp\/v2\/types\/post"}],"author":[{"embeddable":true,"href":"https:\/\/www.semanariolocal.cl\/index.php?rest_route=\/wp\/v2\/users\/1"}],"replies":[{"embeddable":true,"href":"https:\/\/www.semanariolocal.cl\/index.php?rest_route=%2Fwp%2Fv2%2Fcomments&post=23599"}],"version-history":[{"count":1,"href":"https:\/\/www.semanariolocal.cl\/index.php?rest_route=\/wp\/v2\/posts\/23599\/revisions"}],"predecessor-version":[{"id":23601,"href":"https:\/\/www.semanariolocal.cl\/index.php?rest_route=\/wp\/v2\/posts\/23599\/revisions\/23601"}],"wp:featuredmedia":[{"embeddable":true,"href":"https:\/\/www.semanariolocal.cl\/index.php?rest_route=\/wp\/v2\/media\/23600"}],"wp:attachment":[{"href":"https:\/\/www.semanariolocal.cl\/index.php?rest_route=%2Fwp%2Fv2%2Fmedia&parent=23599"}],"wp:term":[{"taxonomy":"category","embeddable":true,"href":"https:\/\/www.semanariolocal.cl\/index.php?rest_route=%2Fwp%2Fv2%2Fcategories&post=23599"},{"taxonomy":"post_tag","embeddable":true,"href":"https:\/\/www.semanariolocal.cl\/index.php?rest_route=%2Fwp%2Fv2%2Ftags&post=23599"}],"curies":[{"name":"wp","href":"https:\/\/api.w.org\/{rel}","templated":true}]}}