{"id":23584,"date":"2024-09-16T10:25:34","date_gmt":"2024-09-16T13:25:34","guid":{"rendered":"https:\/\/www.semanariolocal.cl\/?p=23584"},"modified":"2024-09-16T10:25:35","modified_gmt":"2024-09-16T13:25:35","slug":"avanzan-soluciones-a-temas-de-humedad-en-condominio-del-sector-mirasol","status":"publish","type":"post","link":"https:\/\/www.semanariolocal.cl\/?p=23584","title":{"rendered":"Avanzan soluciones a temas de humedad en condominio del sector Mirasol"},"content":{"rendered":"\n<p><strong>Fiscalizaci\u00f3n estableci\u00f3 que los problemas de humedad se deben a focos internos de condensaci\u00f3n, por lo que el llamado es a la mantenci\u00f3n y frecuente ventilaci\u00f3n de los inmuebles.<\/strong><\/p>\n\n\n\n<p>Una visita t\u00e9cnica al condominio Altos de Mirasol 1 realiz\u00f3 la directora de SERVIU Los Lagos, Isabel de la Vega, junto al equipo profesional de este servicio, representantes de la empresa constructora de este conjunto y la entidad patrocinante que acompa\u00f1\u00f3 a los comit\u00e9s beneficiados, hoy vecinos y vecinas de este condominio.<\/p>\n\n\n\n<p>El motivo de la visita fue evaluar el trabajo de post venta realizado por la constructora Ingevec, en particular lo relativo a situaciones de humedad y hongos manifestadas por algunos propietarios en sus departamentos, lo que llev\u00f3 a estas familias a activar el proceso de post venta con la empresa a cargo, tal como lo establece la normativa vigente del Minvu. \u201cCumplimos el compromiso que ten\u00edamos con la directiva del comit\u00e9, de visitar en persona los departamentos, independiente de que la empresa est\u00e9 abordando los casos de post venta dentro del periodo establecido que termina ahora en noviembre. Junto a la entidad patrocinante y nuestros profesionales, tambi\u00e9n hemos hecho seguimiento al servicio de postventa\u201d, declar\u00f3 Isabel de la Vega. Agreg\u00f3 que, en un principio, desde la entrega de este conjunto se recibieron unas 200 solicitudes de postventa, las que han sido atendidas por la empresa y, de ese universo, unas 60 eran por temas de humedad, solucionando la mayor\u00eda de los casos y restando un porcentaje menor por finiquitar.<\/p>\n\n\n\n<p>\u201cLa empresa instal\u00f3 un aparato que capta y mide la humedad del aire al interior de los departamentos y mediante este sistema se estableci\u00f3 que en todos los casos se trataba de humedad por condensaci\u00f3n o falta de ventilaci\u00f3n, exceptuando aquellos en que era evidente alg\u00fan tipo de fuga en ca\u00f1er\u00edas, lo que ha sido reparado. Es fundamental que las familias entiendan que se deben ventilar las habitaciones diariamente, pese al fr\u00edo de nuestra ciudad, ya que de otro modo siempre se generan problemas de humedad y hongos\u201d, indic\u00f3 la directora, sumando que el llamado es a las familias a realizar mantenci\u00f3n a la vivienda, limpieza de ductos de ventilaci\u00f3n pasiva, pintura en paredes interiores e insisti\u00f3 con la ventilaci\u00f3n diaria de los inmuebles.<\/p>\n\n\n\n<p>Alejandra Riquelme, presidenta administrativa del conjunto Portal Altos de Mirasol, afirm\u00f3 que \u201cempezamos con bastantes problemas, varios casos de humedad, pero se han ido solucionando bastante bien. Ha habido un importante compromiso de la constructora y un buen proceso de fiscalizaci\u00f3n tambi\u00e9n por parte de SERVIU y Seremi Minvu. Nos quedan algunos temas, pero vamos bien encaminados, tienen la voluntad de que quede todo bien\u201d. La dirigenta coment\u00f3 que mediante un grupo de WhatsApp y con el apoyo de la empresa constructora, est\u00e1n constantemente informando a los vecinos acerca de c\u00f3mo secar y limpiar correctamente sus ventanas, mantener la ventilaci\u00f3n, entre otros temas, as\u00ed que \u201cesperamos que el pr\u00f3ximo invierno no tengamos ya estos problemas y podamos pasarlo de mejor manera\u201d.<\/p>\n\n\n\n<p>La directora de SERVIU Los Lagos cerr\u00f3 indicando que, frente a las cr\u00edticas sobre la supuesta mala calidad de las soluciones que entrega el Minvu, \u201chemos entregado m\u00e1s de 8 mil soluciones habitacionales en toda la regi\u00f3n y los reclamos no se acercan ni al 1%. Entonces no se puede decir que todo lo que estamos construyendo se est\u00e1 haciendo mal, por que no es as\u00ed. En todos los proyectos privados y p\u00fablicos hay un periodo de postventa en que la constructora se hace cargo de detalles de construcci\u00f3n, no obstante, hay temas que son de uso de la vivienda y que deben ser abordados posteriormente por cada propietario\u201d.<\/p>\n\n\n\n<p>En efecto, el Plan de Emergencia Habitacional del Minvu en la regi\u00f3n a la fecha completa 8.223 viviendas terminadas, 7.824 en ejecuci\u00f3n y 4.707 por iniciar, en el marco de la meta de 14.165 establecidas para Los Lagos. No obstante, al menos 5 mil unidades m\u00e1s quedar\u00e1n iniciadas y financiadas al t\u00e9rmino de la presente administraci\u00f3n.<\/p>\n","protected":false},"excerpt":{"rendered":"<p>Directora de SERVIU Los Lagos constat\u00f3 en terreno la situaci\u00f3n de las familias de Portal Altos de Mirasol.<\/p>\n","protected":false},"author":1,"featured_media":23585,"comment_status":"closed","ping_status":"closed","sticky":false,"template":"","format":"standard","meta":{"footnotes":""},"categories":[3,9,2483],"tags":[2118,337,273,113,247,133,756],"class_list":["post-23584","post","type-post","status-publish","format-standard","has-post-thumbnail","hentry","category-al-dia","category-gobierno","category-region","tag-semanariolocal","tag-informacion","tag-noticias","tag-puerto-montt","tag-region-de-los-lagos","tag-semanario-local","tag-vivienda"],"_links":{"self":[{"href":"https:\/\/www.semanariolocal.cl\/index.php?rest_route=\/wp\/v2\/posts\/23584","targetHints":{"allow":["GET"]}}],"collection":[{"href":"https:\/\/www.semanariolocal.cl\/index.php?rest_route=\/wp\/v2\/posts"}],"about":[{"href":"https:\/\/www.semanariolocal.cl\/index.php?rest_route=\/wp\/v2\/types\/post"}],"author":[{"embeddable":true,"href":"https:\/\/www.semanariolocal.cl\/index.php?rest_route=\/wp\/v2\/users\/1"}],"replies":[{"embeddable":true,"href":"https:\/\/www.semanariolocal.cl\/index.php?rest_route=%2Fwp%2Fv2%2Fcomments&post=23584"}],"version-history":[{"count":1,"href":"https:\/\/www.semanariolocal.cl\/index.php?rest_route=\/wp\/v2\/posts\/23584\/revisions"}],"predecessor-version":[{"id":23586,"href":"https:\/\/www.semanariolocal.cl\/index.php?rest_route=\/wp\/v2\/posts\/23584\/revisions\/23586"}],"wp:featuredmedia":[{"embeddable":true,"href":"https:\/\/www.semanariolocal.cl\/index.php?rest_route=\/wp\/v2\/media\/23585"}],"wp:attachment":[{"href":"https:\/\/www.semanariolocal.cl\/index.php?rest_route=%2Fwp%2Fv2%2Fmedia&parent=23584"}],"wp:term":[{"taxonomy":"category","embeddable":true,"href":"https:\/\/www.semanariolocal.cl\/index.php?rest_route=%2Fwp%2Fv2%2Fcategories&post=23584"},{"taxonomy":"post_tag","embeddable":true,"href":"https:\/\/www.semanariolocal.cl\/index.php?rest_route=%2Fwp%2Fv2%2Ftags&post=23584"}],"curies":[{"name":"wp","href":"https:\/\/api.w.org\/{rel}","templated":true}]}}