{"id":23467,"date":"2024-09-04T23:32:15","date_gmt":"2024-09-05T03:32:15","guid":{"rendered":"https:\/\/www.semanariolocal.cl\/?p=23467"},"modified":"2024-09-06T23:32:31","modified_gmt":"2024-09-07T03:32:31","slug":"infectologa-del-hbo-advierte-sobre-la-viruela-simica","status":"publish","type":"post","link":"https:\/\/www.semanariolocal.cl\/?p=23467","title":{"rendered":"Infect\u00f3loga del HBO advierte sobre la viruela s\u00edmica"},"content":{"rendered":"\n<p>Se detect\u00f3 por primera vez en \u00c1frica en 1970 y hasta hace algunos a\u00f1os hab\u00eda sido un problema muy lejano para la poblaci\u00f3n Latinoamericana porque afectaba a personas del continente Africano, con 2 cepas predominantes.&nbsp;<\/p>\n\n\n\n<p>En mayo de 2022 la OMS alert\u00f3 de aumento de casos en m\u00e1s de 11 pa\u00edses, as\u00ed lo explica la&nbsp;<\/p>\n\n\n\n<p>Dra. Stephan\u00eda Passalacqua, Infect\u00f3loga Infantil del Hospital San Jos\u00e9 Osorno \u201choy en d\u00eda pr\u00e1cticamente todos los pa\u00edses han tenido casos de esta enfermedad, que comienza con fiebre como si fuera una gripe, malestar, ganglios aumentados por ejemplo en el cuello, que es algo bien caracter\u00edstico y luego aparecen las manchas que pueden aparecer en la cara y distribuirse a manos y pies, pero es muy com\u00fan ver tambi\u00e9n estas erupciones en la zona genital\u201d.<\/p>\n\n\n\n<p>Seg\u00fan la Organizaci\u00f3n Panamericana de Salud&nbsp;la Mpox \u201cconstituye una emergencia de salud p\u00fablica de importancia internacional (ESPII)\u201d&nbsp;y se transmite principalmente por contacto directo con personas con lesiones cut\u00e1neas o mucocut\u00e1neas infecciosas, por consecuencias del contacto estrecho piel con piel, incluido el contacto sexual, boca a boca o boca a piel, as\u00ed como tambi\u00e9n a trav\u00e9s de gotitas respiratorias.<\/p>\n\n\n\n<p>En relaci\u00f3n a los s\u00edntomas, la persona contagiada puede presentar sintomatolog\u00eda por varios d\u00edas, \u201cen general es una enfermedad autolimitada, es decir pasa sola, pero el problema es que puede ser muy dolorosa por lo tanto es un motivo de consulta con el m\u00e9dico, ya que las lesiones pueden aparecer en la boca y en otras zonas sensibles del cuerpo&nbsp; y por lo tanto puede ser incluso motivo de hospitalizaci\u00f3n\u201d asegur\u00f3 la especialista.&nbsp;&nbsp;<\/p>\n\n\n\n<p>Las lesiones que son de tipo ves\u00edculas, pueden contener l\u00edquido y son parecidas a las lesiones por varicela,que al rascarse se pueden adem\u00e1s infectar con bacterias de la piel.&nbsp;<\/p>\n\n\n\n<p>Hasta agosto del presente a\u00f1o, en Chile se han detectado 7 casos, de los cuales, el 98% corresponde a hombres principalmente entre los 30 y 39 a\u00f1os, en ese sentido la Dra. Passalacqua apunt\u00f3 que por ahora no tenemos casos aut\u00f3ctonos del pa\u00eds, \u201ces decir las personas contagiadas, han viajado a otras partes del mundo y se han contagiado all\u00e1, por lo tanto hay que tener cuidado en el contacto con viajeros o si uno ha viajado a alguna parte del mundo y luego presenta algunos de los s\u00edntomas antes mencionados\u201d.&nbsp;<\/p>\n\n\n\n<p>No toda mancha que aparezca en la piel es necesariamente Mpox, por lo tanto se debe realizar una evaluaci\u00f3n m\u00e9dica para determinar a qu\u00e9 enfermedad corresponde.&nbsp;<\/p>\n\n\n\n<p>El Ministerio de Salud recomienda como principal medida de prevenci\u00f3n, reducir el riesgo de transmisi\u00f3n de persona a persona, ya que el contacto estrecho con otros pacientes constituye el factor de riesgo m\u00e1s importante de infecci\u00f3n. Otra medida preventiva es la vacuna disponible en el Hospital Base San Jos\u00e9 Osorno para los grupos objetivos.&nbsp;<\/p>\n","protected":false},"excerpt":{"rendered":"<p>La Mpox (viruela S\u00edmica), com\u00fanmente conocida como viruela del Mono, se caracteriza por presentar erupciones o lesiones cut\u00e1neas que suelen concentrarse en la cara, las palmas de las manos, plantas de los pies y genitales. <\/p>\n","protected":false},"author":1,"featured_media":23468,"comment_status":"closed","ping_status":"closed","sticky":false,"template":"","format":"standard","meta":{"footnotes":""},"categories":[3,2484],"tags":[2118,3492,337,273,247,133],"class_list":["post-23467","post","type-post","status-publish","format-standard","has-post-thumbnail","hentry","category-al-dia","category-salud","tag-semanariolocal","tag-dra-stephania-passalacqua","tag-informacion","tag-noticias","tag-region-de-los-lagos","tag-semanario-local"],"_links":{"self":[{"href":"https:\/\/www.semanariolocal.cl\/index.php?rest_route=\/wp\/v2\/posts\/23467","targetHints":{"allow":["GET"]}}],"collection":[{"href":"https:\/\/www.semanariolocal.cl\/index.php?rest_route=\/wp\/v2\/posts"}],"about":[{"href":"https:\/\/www.semanariolocal.cl\/index.php?rest_route=\/wp\/v2\/types\/post"}],"author":[{"embeddable":true,"href":"https:\/\/www.semanariolocal.cl\/index.php?rest_route=\/wp\/v2\/users\/1"}],"replies":[{"embeddable":true,"href":"https:\/\/www.semanariolocal.cl\/index.php?rest_route=%2Fwp%2Fv2%2Fcomments&post=23467"}],"version-history":[{"count":1,"href":"https:\/\/www.semanariolocal.cl\/index.php?rest_route=\/wp\/v2\/posts\/23467\/revisions"}],"predecessor-version":[{"id":23469,"href":"https:\/\/www.semanariolocal.cl\/index.php?rest_route=\/wp\/v2\/posts\/23467\/revisions\/23469"}],"wp:featuredmedia":[{"embeddable":true,"href":"https:\/\/www.semanariolocal.cl\/index.php?rest_route=\/wp\/v2\/media\/23468"}],"wp:attachment":[{"href":"https:\/\/www.semanariolocal.cl\/index.php?rest_route=%2Fwp%2Fv2%2Fmedia&parent=23467"}],"wp:term":[{"taxonomy":"category","embeddable":true,"href":"https:\/\/www.semanariolocal.cl\/index.php?rest_route=%2Fwp%2Fv2%2Fcategories&post=23467"},{"taxonomy":"post_tag","embeddable":true,"href":"https:\/\/www.semanariolocal.cl\/index.php?rest_route=%2Fwp%2Fv2%2Ftags&post=23467"}],"curies":[{"name":"wp","href":"https:\/\/api.w.org\/{rel}","templated":true}]}}