{"id":2344,"date":"2021-10-11T21:44:01","date_gmt":"2021-10-12T00:44:01","guid":{"rendered":"https:\/\/www.semanariolocal.cl\/?p=2344"},"modified":"2021-10-11T21:44:01","modified_gmt":"2021-10-12T00:44:01","slug":"senador-quinteros-insiste-en-necesidad-de-doble-via-en-ruta-215","status":"publish","type":"post","link":"https:\/\/www.semanariolocal.cl\/?p=2344","title":{"rendered":"Senador Quinteros insiste en necesidad de doble v\u00eda en ruta 215"},"content":{"rendered":"\n<p style=\"font-size:17px\">El senador Rabindranath Quinteros afirm\u00f3 que el tr\u00e1gico accidente ocurrido en la ruta 215 demuestra la necesidad de contar con una doble v\u00eda con est\u00e1ndares adecuados de seguridad.\u00a0<br>\u201cUna vez m\u00e1s debemos de lamentar un accidente fatal en la ruta 215, esta vez cobrando la vida de 5 personas. Este tr\u00e1gico accidente pudo haberse evitado. Nuestras carreteras deben de modernizarse\u201d se\u00f1al\u00f3 el parlamentario junto con precisar que no es posible que una v\u00eda por donde transitan constantemente camiones de alto tonelaje siga siendo s\u00f3lo de dos pistas.<\/p>\n\n\n\n<p style=\"font-size:17px\">A\u00f1adi\u00f3 que \u201clamentablemente el proyecto de la autopista est\u00e1 detenido porque algunos personeros se oponen a que la obra sea concesionada \u00a0a privados.<\/p>\n\n\n\n<p style=\"font-size:17px\">\u201cDebemos dejar de lado los populismos. El proyecto de doble v\u00eda no se va a ejecutar solo con platas del Estado. Estado tambi\u00e9n necesita al sector privado\u201d afirm\u00f3 el legislador. Quinteros precis\u00f3 que adecuadamente regulado y fiscalizado, el sector privado puede hacerse cargo de este tipo de obras, que el sector p\u00fablico no puede realizar ni en el corto ni en el mediano plazo.<\/p>\n\n\n\n<p style=\"font-size:17px\">\u201cNo podemos seguir esperando que el Estado construya una doble v\u00eda en la ruta a Argentina porque algunos populistas se oponen a la concesi\u00f3n de la obra\u201d recalc\u00f3 el senador por Los Lagos.<\/p>\n","protected":false},"excerpt":{"rendered":"<p>El senador Rabindranath Quinteros afirm\u00f3 que el tr\u00e1gico accidente ocurrido en la ruta 215 demuestra la necesidad de contar con una doble v\u00eda con est\u00e1ndares adecuados de seguridad.\u00a0\u201cUna vez m\u00e1s debemos de lamentar un accidente fatal en la ruta 215, esta vez cobrando la vida de 5 personas. Este tr\u00e1gico accidente pudo haberse evitado. Nuestras&#8230;<a class=\"btnReadMore\" href=\"https:\/\/www.semanariolocal.cl\/?p=2344\"> Leer M\u00e1s<\/a><\/p>\n","protected":false},"author":1,"featured_media":2345,"comment_status":"closed","ping_status":"closed","sticky":false,"template":"","format":"standard","meta":{"footnotes":""},"categories":[3],"tags":[],"class_list":["post-2344","post","type-post","status-publish","format-standard","has-post-thumbnail","hentry","category-al-dia"],"_links":{"self":[{"href":"https:\/\/www.semanariolocal.cl\/index.php?rest_route=\/wp\/v2\/posts\/2344","targetHints":{"allow":["GET"]}}],"collection":[{"href":"https:\/\/www.semanariolocal.cl\/index.php?rest_route=\/wp\/v2\/posts"}],"about":[{"href":"https:\/\/www.semanariolocal.cl\/index.php?rest_route=\/wp\/v2\/types\/post"}],"author":[{"embeddable":true,"href":"https:\/\/www.semanariolocal.cl\/index.php?rest_route=\/wp\/v2\/users\/1"}],"replies":[{"embeddable":true,"href":"https:\/\/www.semanariolocal.cl\/index.php?rest_route=%2Fwp%2Fv2%2Fcomments&post=2344"}],"version-history":[{"count":1,"href":"https:\/\/www.semanariolocal.cl\/index.php?rest_route=\/wp\/v2\/posts\/2344\/revisions"}],"predecessor-version":[{"id":2346,"href":"https:\/\/www.semanariolocal.cl\/index.php?rest_route=\/wp\/v2\/posts\/2344\/revisions\/2346"}],"wp:featuredmedia":[{"embeddable":true,"href":"https:\/\/www.semanariolocal.cl\/index.php?rest_route=\/wp\/v2\/media\/2345"}],"wp:attachment":[{"href":"https:\/\/www.semanariolocal.cl\/index.php?rest_route=%2Fwp%2Fv2%2Fmedia&parent=2344"}],"wp:term":[{"taxonomy":"category","embeddable":true,"href":"https:\/\/www.semanariolocal.cl\/index.php?rest_route=%2Fwp%2Fv2%2Fcategories&post=2344"},{"taxonomy":"post_tag","embeddable":true,"href":"https:\/\/www.semanariolocal.cl\/index.php?rest_route=%2Fwp%2Fv2%2Ftags&post=2344"}],"curies":[{"name":"wp","href":"https:\/\/api.w.org\/{rel}","templated":true}]}}