{"id":23429,"date":"2024-09-04T21:35:27","date_gmt":"2024-09-05T01:35:27","guid":{"rendered":"https:\/\/www.semanariolocal.cl\/?p=23429"},"modified":"2024-09-04T21:35:28","modified_gmt":"2024-09-05T01:35:28","slug":"isl-los-lagos-hacen-un-llamado-a-difundir-medidas-preventivas-durante-fiestas-patrias","status":"publish","type":"post","link":"https:\/\/www.semanariolocal.cl\/?p=23429","title":{"rendered":"ISL Los Lagos hacen un llamado a difundir medidas preventivas durante Fiestas Patrias"},"content":{"rendered":"\n<p>Es por ello que, con el objetivo de promover medidas preventivas, el Instituto de Seguridad Laboral (ISL) comenz\u00f3 su campa\u00f1a \u201cFonda Protegida: Seguridad Compartida\u201d para resguardar la salud y seguridad laboral de las trabajadoras y los trabajadores que desempe\u00f1an sus labores durante este periodo.<\/p>\n\n\n\n<p>Con un importante llamado a las y los empleadores a promover y difundir medidas preventivas para proteger a sus trabajadores que desarrollan sus funciones en locales y fondas durante este periodo festivo, el ISL inicia su campa\u00f1a para evitar y disminuir la posibilidad de accidentes del trabajo, trayecto y enfermedades profesionales.<\/p>\n\n\n\n<p>El Seremi del Trabajo Previsi\u00f3n Social, Ricardo Ebner, inform\u00f3 que \u201cEs por esto que como parte de la Campa\u00f1a \u201cFonda Protegida, Seguridad Compartida\u201d, las y los funcionarios del Organismo P\u00fablico Administrador del Seguro de la Ley 16.744 realizar\u00e1n una serie de visitas en terreno a lo largo de todo el pa\u00eds para entregar asesor\u00eda t\u00e9cnica en materias preventivas, por medio de material de apoyo que incluye se\u00f1al\u00e9tica de seguridad, capacitaciones y volantes informativos para propiciar un festejo seguro\u201d.<\/p>\n\n\n\n<p>Por su parte, el director regional del ISL Los Lagos, N\u00e9stor Villarroel, dijo que \u201cDentro de la campa\u00f1a \u201cFonda Protegida: Seguridad Compartida\u201d, el ISL difundir\u00e1 informaci\u00f3n sobre el Uso y Manejo de Extintores, recomendaciones de higiene y seguridad para evitar enfermedades derivadas de problemas en la manipulaci\u00f3n de alimentos, adem\u00e1s de temas como la Seguridad Vial para prevenir accidentes de trayecto, la cual es un<a>a de las prestaciones del Seguro en caso de accidentes ocurridos cuando la o el trabajador se traslada desde su lugar de pernoctar a su sitio laboral<\/a>\u201d.<\/p>\n\n\n\n<p><strong>DERECHO A LAS PRESTACIONES DEL SEGURO DE LA LEY 16.744<\/strong><\/p>\n\n\n\n<p>El ISL, como Organismo P\u00fablico Administrador de la Ley 16.744 del Seguro Social contra Riesgos de Accidentes del Trabajo y Enfermedades Profesionales, pone foco en las y los trabajadores de Fiestas Patrias, promoviendo la protecci\u00f3n por medio de las prestaciones preventivas, m\u00e9dicas y econ\u00f3micas, como un derecho establecido por la mencionada normativa.<\/p>\n\n\n\n<p>En este contexto, todas y todos quienes trabajan en fondas y locales que&nbsp;cuenten con un contrato de trabajo, est\u00e1n protegidos por el Seguro de la Ley 16.744 ante accidentes del trabajo, trayecto y enfermedades profesionales. Esto, por medio del denominado \u201cPrincipio de Automaticidad\u201d, con el cual se garantiza la cobertura de las prestaciones del Seguro \u201cdesde el primer d\u00eda de vigencia de su relaci\u00f3n laboral, aun cuando no se hubiere escriturado el contrato de trabajo\u201d, de acuerdo al Compendio de Normas del Seguro Social de Accidentes del Trabajo y Enfermedades Profesionales, en su t\u00edtulo II, de la Superintendencia de Seguridad Social (SUSESO).<\/p>\n\n\n\n<p>Por ello, basta la ocurrencia de un accidente del trabajo o el diagn\u00f3stico de una enfermedad profesional contra\u00edda durante la vigencia de una relaci\u00f3n laboral, para que se genere el derecho de la o el trabajador a las prestaciones preventivas, m\u00e9dicas y econ\u00f3micas del Seguro.<\/p>\n\n\n\n<p>En este sentido, independiente de que la entidad empleadora se encuentre retrasada en los pagos de&nbsp;las cotizaciones, esto no afectar\u00e1 el derecho de la persona trabajadora a las prestaciones indicadas. De igual modo, tampoco se puede condicionar la atenci\u00f3n m\u00e9dica a la presentaci\u00f3n de la denuncia de accidente o enfermedad profesional por parte de la o el empleador, mediante la correspondiente DIAT (Denuncia Individual de Accidente del Trabajo) o DIEP (Denuncia Individual de Enfermedad Profesional), ni el otorgamiento de las prestaciones econ\u00f3micas a la presentaci\u00f3n de una solicitud.<\/p>\n\n\n\n<p>Asimismo, las personas trabajadoras que emiten boletas de honorarios y realizaron su Operaci\u00f3n Renta 2024 con retenci\u00f3n tambi\u00e9n se encuentran protegidas desde el 1 de julio del a\u00f1o declarado hasta el 30 de junio del a\u00f1o siguiente. Sin embargo, en el caso de que la o el trabajador no cumpla con lo mencionado anteriormente, puede acceder cotizando voluntariamente con el ISL para obtener los beneficios de manera inmediata. Para revisar si est\u00e1 adherido o adherida al ISL, ingrese sus datos en&nbsp;<a href=\"http:\/\/honorarios.isl.gob.cl\/\" target=\"_blank\" rel=\"noreferrer noopener\">honorarios.isl.gob.cl<\/a>.<\/p>\n\n\n\n<p><strong>Para mayor informaci\u00f3n visite la renovada p\u00e1gina web del Instituto de Seguridad Laboral:&nbsp;<\/strong><a href=\"http:\/\/www.isl.gob.cl\/\" target=\"_blank\" rel=\"noreferrer noopener\"><strong>www.isl.gob.cl<\/strong><\/a><\/p>\n","protected":false},"excerpt":{"rendered":"<p>Se acerca una de las fechas m\u00e1s esperadas del a\u00f1o, Fiestas Patrias, que convoca a miles de personas a celebrar en una serie de eventos masivos a lo largo del pa\u00eds. <\/p>\n","protected":false},"author":1,"featured_media":23430,"comment_status":"closed","ping_status":"closed","sticky":false,"template":"","format":"standard","meta":{"footnotes":""},"categories":[3,9],"tags":[2118,2207,337,273,247,133],"class_list":["post-23429","post","type-post","status-publish","format-standard","has-post-thumbnail","hentry","category-al-dia","category-gobierno","tag-semanariolocal","tag-fiestas-patrias","tag-informacion","tag-noticias","tag-region-de-los-lagos","tag-semanario-local"],"_links":{"self":[{"href":"https:\/\/www.semanariolocal.cl\/index.php?rest_route=\/wp\/v2\/posts\/23429","targetHints":{"allow":["GET"]}}],"collection":[{"href":"https:\/\/www.semanariolocal.cl\/index.php?rest_route=\/wp\/v2\/posts"}],"about":[{"href":"https:\/\/www.semanariolocal.cl\/index.php?rest_route=\/wp\/v2\/types\/post"}],"author":[{"embeddable":true,"href":"https:\/\/www.semanariolocal.cl\/index.php?rest_route=\/wp\/v2\/users\/1"}],"replies":[{"embeddable":true,"href":"https:\/\/www.semanariolocal.cl\/index.php?rest_route=%2Fwp%2Fv2%2Fcomments&post=23429"}],"version-history":[{"count":1,"href":"https:\/\/www.semanariolocal.cl\/index.php?rest_route=\/wp\/v2\/posts\/23429\/revisions"}],"predecessor-version":[{"id":23431,"href":"https:\/\/www.semanariolocal.cl\/index.php?rest_route=\/wp\/v2\/posts\/23429\/revisions\/23431"}],"wp:featuredmedia":[{"embeddable":true,"href":"https:\/\/www.semanariolocal.cl\/index.php?rest_route=\/wp\/v2\/media\/23430"}],"wp:attachment":[{"href":"https:\/\/www.semanariolocal.cl\/index.php?rest_route=%2Fwp%2Fv2%2Fmedia&parent=23429"}],"wp:term":[{"taxonomy":"category","embeddable":true,"href":"https:\/\/www.semanariolocal.cl\/index.php?rest_route=%2Fwp%2Fv2%2Fcategories&post=23429"},{"taxonomy":"post_tag","embeddable":true,"href":"https:\/\/www.semanariolocal.cl\/index.php?rest_route=%2Fwp%2Fv2%2Ftags&post=23429"}],"curies":[{"name":"wp","href":"https:\/\/api.w.org\/{rel}","templated":true}]}}