{"id":23426,"date":"2024-09-04T21:29:06","date_gmt":"2024-09-05T01:29:06","guid":{"rendered":"https:\/\/www.semanariolocal.cl\/?p=23426"},"modified":"2024-09-04T21:29:08","modified_gmt":"2024-09-05T01:29:08","slug":"realizan-simulacro-de-accidente-de-transito-en-centro-de-osorno","status":"publish","type":"post","link":"https:\/\/www.semanariolocal.cl\/?p=23426","title":{"rendered":"Realizan simulacro de accidente de transito en centro de Osorno"},"content":{"rendered":"\n<p>En el contexto previo a la celebraci\u00f3n de Fiestas Patrias, se realiz\u00f3 esta ma\u00f1ana el Simulacro de Accidente de Tr\u00e1nsito <em>organizado por las carreras del \u00c1rea de Salud del CFT y la Universidad Santo Tom\u00e1s Osorno,<\/em> evento a escala real que tuvo como principal prop\u00f3sito identificar los primeros auxilios en situaciones de riesgo en materia de seguridad vial, as\u00ed como tambi\u00e9n reconocer los riesgos del consumo de alcohol y sustancias il\u00edcitas, y de paso educar a la comunidad acerca de las buenas pr\u00e1cticas viales.<\/p>\n\n\n\n<p>Al respecto se refiri\u00f3 el Rector de Santo Tom\u00e1s Osorno Eugenio Larra\u00edn Hern\u00e1ndez quien manifest\u00f3 que estos simulacros se est\u00e1n realizando en distintos puntos del pa\u00eds y el trabajo del \u00e1rea de Salud y la academia es fundamental en estos casos, no solo por la Vinculaci\u00f3n con el Medio y el llamado a la responsabilidad sino que tambi\u00e9n por la necesidad de crear conciencia en la comunidad sobre los riesgos al comportarse de manera irresponsable en fechas claves como las Fiestas Patrias. Destac\u00f3 adem\u00e1s los talleres realizados de RCP, las colectas de sangre y los concursos que buscaban concientizar con mensajes claves a la ciudadan\u00eda.<\/p>\n\n\n\n<p>Por su parte el delegado provincial (s) Cristobal Fuenzalida y el alcalde de Osorno Emeterio Carrillo entregaron un saludo a la comunidad presente y reiteraron el llamado a compartir en familia durante estas fechas de manera sana, con responsabilidad y jam\u00e1s conduciendo veh\u00edculos bajo los efectos del alcohol o las drogas.<\/p>\n\n\n\n<p>El evento de simulacro con colisi\u00f3n vehicular, fallecidos y choque a poste de luz se desarroll\u00f3 en la Plaza de Armas de Osorno y participaron las respectivas unidades de emergencia, tales como Bomberos, SIAT de Carabineros, Servicio M\u00e9dico Legal, Saesa, Desarmadur\u00eda de Puerto Montt, el Ej\u00e9rcito de Chile y hasta la empresa Carozzi, que don\u00f3 algunos premios para los concursantes que motivaron a la ciudadan\u00eda con mensajes de responsabilidad.<\/p>\n\n\n\n<p>Durante la jornada tambi\u00e9n se efectuaron otras instancias educativas hacia la comunidad, como talleres de RCP a cargo de las carreras de Salud de Santo Tom\u00e1s y el Grupo GER, y Colecta de Sangre por la carrera de Tecnolog\u00eda M\u00e9dica UST y el Banco de Sangre del Hospital Base San Jos\u00e9 Osorno.<br><br>Por su parte, Katherine Uribe, coordinadora del Centro de Simulaci\u00f3n Cl\u00ednica de Santo Tom\u00e1s Osorno, destac\u00f3 los stands informativos del Grupo Especializado de Rescate (GER), URAT Osorno, UBRO Osorno, Senda Previene, el Modelo de Integraci\u00f3n Carabineros a la Comunidad (MICC), la Direcci\u00f3n de Seguridad P\u00fablica de la Municipalidad y el Centro de Atenci\u00f3n Psicol\u00f3gica (CAPS) de Santo Tom\u00e1s Osorno, adem\u00e1s de agradecer la participaci\u00f3n y colaboraci\u00f3n de todos quienes apoyaron este simulacro.<\/p>\n","protected":false},"excerpt":{"rendered":"<p>El Rector de Santo Tom\u00e1s Osorno Eugenio Larra\u00edn Hern\u00e1ndez indic\u00f3 la necesidad de hacer un  llamado a la responsabilidad y tambi\u00e9n a crear conciencia sobre los riesgos de comportarse de manera irresponsable en fechas claves como las Fiestas Patrias.<\/p>\n","protected":false},"author":1,"featured_media":23427,"comment_status":"closed","ping_status":"closed","sticky":false,"template":"","format":"standard","meta":{"footnotes":""},"categories":[3,11],"tags":[2118,3485,337,273,247,133,3484],"class_list":["post-23426","post","type-post","status-publish","format-standard","has-post-thumbnail","hentry","category-al-dia","category-educacion","tag-semanariolocal","tag-accidente-de-transito","tag-informacion","tag-noticias","tag-region-de-los-lagos","tag-semanario-local","tag-simulacro"],"_links":{"self":[{"href":"https:\/\/www.semanariolocal.cl\/index.php?rest_route=\/wp\/v2\/posts\/23426","targetHints":{"allow":["GET"]}}],"collection":[{"href":"https:\/\/www.semanariolocal.cl\/index.php?rest_route=\/wp\/v2\/posts"}],"about":[{"href":"https:\/\/www.semanariolocal.cl\/index.php?rest_route=\/wp\/v2\/types\/post"}],"author":[{"embeddable":true,"href":"https:\/\/www.semanariolocal.cl\/index.php?rest_route=\/wp\/v2\/users\/1"}],"replies":[{"embeddable":true,"href":"https:\/\/www.semanariolocal.cl\/index.php?rest_route=%2Fwp%2Fv2%2Fcomments&post=23426"}],"version-history":[{"count":1,"href":"https:\/\/www.semanariolocal.cl\/index.php?rest_route=\/wp\/v2\/posts\/23426\/revisions"}],"predecessor-version":[{"id":23428,"href":"https:\/\/www.semanariolocal.cl\/index.php?rest_route=\/wp\/v2\/posts\/23426\/revisions\/23428"}],"wp:featuredmedia":[{"embeddable":true,"href":"https:\/\/www.semanariolocal.cl\/index.php?rest_route=\/wp\/v2\/media\/23427"}],"wp:attachment":[{"href":"https:\/\/www.semanariolocal.cl\/index.php?rest_route=%2Fwp%2Fv2%2Fmedia&parent=23426"}],"wp:term":[{"taxonomy":"category","embeddable":true,"href":"https:\/\/www.semanariolocal.cl\/index.php?rest_route=%2Fwp%2Fv2%2Fcategories&post=23426"},{"taxonomy":"post_tag","embeddable":true,"href":"https:\/\/www.semanariolocal.cl\/index.php?rest_route=%2Fwp%2Fv2%2Ftags&post=23426"}],"curies":[{"name":"wp","href":"https:\/\/api.w.org\/{rel}","templated":true}]}}