{"id":23413,"date":"2024-09-04T00:03:55","date_gmt":"2024-09-04T04:03:55","guid":{"rendered":"https:\/\/www.semanariolocal.cl\/?p=23413"},"modified":"2024-09-04T00:03:56","modified_gmt":"2024-09-04T04:03:56","slug":"ex-presidente-eduardo-frei-entrego-publico-apoyo-a-candidato-jaime-bertin-en-osorno","status":"publish","type":"post","link":"https:\/\/www.semanariolocal.cl\/?p=23413","title":{"rendered":"Ex Presidente Eduardo Frei entreg\u00f3 p\u00fablico apoyo a Candidato Jaime Bertin en Osorno"},"content":{"rendered":"\n<p>Cientos de personas se reunieron esta tarde en un c\u00e9ntrico local de la ciudad de Osorno, en el lanzamiento de la candidatura a alcalde de Jaime Bertin, quien compite por el sill\u00f3n alcaldicio, con el apoyo del Ex Presidente de la Rep\u00fablica Eduardo Frei Ruiz Tagle.<\/p>\n\n\n<div class=\"wp-block-image\">\n<figure class=\"alignleft size-large is-resized\"><img loading=\"lazy\" decoding=\"async\" width=\"450\" height=\"600\" src=\"https:\/\/www.semanariolocal.cl\/wp-content\/uploads\/2024\/09\/Bertin2-450x600.jpg\" alt=\"\" class=\"wp-image-23415\" style=\"width:377px;height:auto\" srcset=\"https:\/\/www.semanariolocal.cl\/wp-content\/uploads\/2024\/09\/Bertin2-450x600.jpg 450w, https:\/\/www.semanariolocal.cl\/wp-content\/uploads\/2024\/09\/Bertin2-225x300.jpg 225w, https:\/\/www.semanariolocal.cl\/wp-content\/uploads\/2024\/09\/Bertin2.jpg 700w\" sizes=\"auto, (max-width: 450px) 100vw, 450px\" \/><\/figure>\n<\/div>\n\n\n<p>En la actividad Frei, quien tambi\u00e9n estuvo acompa\u00f1ado con la ex primera dama Marta Larraechea, dio su p\u00fablico apoyo a Bertin, pese que actualmente el manejo de la comuna est\u00e1 en manos de la Democracia Cristiana.&nbsp; Eduardo Frei sigue militando en el partido, sin embargo, tiene una estrecha amistad con Bertin, la que inici\u00f3 cuando ambos eran autoridades en la regi\u00f3n -uno ocupando el cargo de senador- mientras que actual candidato a alcalde se desempe\u00f1aba como Gobernador, luego como Intendente y finalmente como jefe comunal (2008-2021).<\/p>\n\n\n\n<p>Frei destac\u00f3 el trabajo realizado por Jaime Bertin, en su rol de ex l\u00edder comunal, dado que fueron \u00e9pocas donde se construyeron m\u00e1s de 300 obras y donde la comuna sobresal\u00eda, por su orden, limpieza y seguridad.<\/p>\n\n\n\n<p>\u201cVengo a testimoniar mi apoyo y confianza, pensando en el bien de Chile y el bien de Osorno, que bueno que Jaime Bertin sea el pr\u00f3ximo Alcalde de Osorno\u201d<\/p>\n\n\n\n<p>Por su parte Bertin agradeci\u00f3 el apoyo, e hizo un llamado a todos lo que quieran sumarse a su candidatura; la seg\u00fan se\u00f1al\u00f3 que tiene por objeto \u201c<strong><em>recuperar una ciudad que en los \u00faltimos a\u00f1os se ha transformado en un basural, donde no han existido avances ni obras, y donde la delincuencia se ha tomado todos los rincones del territorio\u201d.<\/em><\/strong><\/p>\n\n\n\n<p>Adem\u00e1s se comprometi\u00f3 con la&nbsp;<strong><em>anhelada aspiraci\u00f3n de un Hospital para Rahue, la remodelaci\u00f3n del terminal de buses, la construcci\u00f3n del centro recreacional de adultos mayores y la creaci\u00f3n de un escuadr\u00f3n municipal, con hombres y mujeres que est\u00e9n entrenadas y que colaboren con la acci\u00f3n r\u00e1pida en el Control del Delito<\/em><\/strong>, entre otras iniciativas que est\u00e1n plasmadas en el programa de la candidatura, el que construy\u00f3 con la participaci\u00f3n de organizaciones sociales, y vecinos y vecinas de Osorno.<\/p>\n","protected":false},"excerpt":{"rendered":"<p> El  Ex Senador de la Regi\u00f3n de Los Lagos, a pesar de su militancia (DC), viaj\u00f3 a la ciudad para participar del lanzamiento de la campa\u00f1a de Bertin este martes, la que se realiz\u00f3 en el Club se Artesanos, ante cientos de adherentes.<\/p>\n","protected":false},"author":1,"featured_media":23414,"comment_status":"closed","ping_status":"closed","sticky":false,"template":"","format":"standard","meta":{"footnotes":""},"categories":[3,6],"tags":[2118,3394,3482,337,3481,485,273,247,133],"class_list":["post-23413","post","type-post","status-publish","format-standard","has-post-thumbnail","hentry","category-al-dia","category-politica","tag-semanariolocal","tag-campana","tag-eduardo-frei","tag-informacion","tag-jaime-bertin-valenzuela","tag-municipalidad-de-osorno","tag-noticias","tag-region-de-los-lagos","tag-semanario-local"],"_links":{"self":[{"href":"https:\/\/www.semanariolocal.cl\/index.php?rest_route=\/wp\/v2\/posts\/23413","targetHints":{"allow":["GET"]}}],"collection":[{"href":"https:\/\/www.semanariolocal.cl\/index.php?rest_route=\/wp\/v2\/posts"}],"about":[{"href":"https:\/\/www.semanariolocal.cl\/index.php?rest_route=\/wp\/v2\/types\/post"}],"author":[{"embeddable":true,"href":"https:\/\/www.semanariolocal.cl\/index.php?rest_route=\/wp\/v2\/users\/1"}],"replies":[{"embeddable":true,"href":"https:\/\/www.semanariolocal.cl\/index.php?rest_route=%2Fwp%2Fv2%2Fcomments&post=23413"}],"version-history":[{"count":1,"href":"https:\/\/www.semanariolocal.cl\/index.php?rest_route=\/wp\/v2\/posts\/23413\/revisions"}],"predecessor-version":[{"id":23416,"href":"https:\/\/www.semanariolocal.cl\/index.php?rest_route=\/wp\/v2\/posts\/23413\/revisions\/23416"}],"wp:featuredmedia":[{"embeddable":true,"href":"https:\/\/www.semanariolocal.cl\/index.php?rest_route=\/wp\/v2\/media\/23414"}],"wp:attachment":[{"href":"https:\/\/www.semanariolocal.cl\/index.php?rest_route=%2Fwp%2Fv2%2Fmedia&parent=23413"}],"wp:term":[{"taxonomy":"category","embeddable":true,"href":"https:\/\/www.semanariolocal.cl\/index.php?rest_route=%2Fwp%2Fv2%2Fcategories&post=23413"},{"taxonomy":"post_tag","embeddable":true,"href":"https:\/\/www.semanariolocal.cl\/index.php?rest_route=%2Fwp%2Fv2%2Ftags&post=23413"}],"curies":[{"name":"wp","href":"https:\/\/api.w.org\/{rel}","templated":true}]}}