{"id":2341,"date":"2021-10-11T21:40:52","date_gmt":"2021-10-12T00:40:52","guid":{"rendered":"https:\/\/www.semanariolocal.cl\/?p=2341"},"modified":"2021-10-11T21:40:52","modified_gmt":"2021-10-12T00:40:52","slug":"municipio-puertovarino-recibe-dictamen-para-plan-regulador-comunal","status":"publish","type":"post","link":"https:\/\/www.semanariolocal.cl\/?p=2341","title":{"rendered":"Municipio PuertoVarino recibe Dictamen para Plan Regulador Comunal"},"content":{"rendered":"\n<p style=\"font-size:17px\">\u201c<em>Est\u00e1bamos esperando este dictamen, que como en muchos otros Planes Reguladores, revisa y se pronuncia sobre el expediente remitido por GORE. Este hecho implica un paso adelante en la tramitaci\u00f3n del Plan Regulador Comunal<\/em>\u201d, destac\u00f3 el alcalde de la Ilustre Municipalidad de Puerto Varas, Tom\u00e1s G\u00e1rate, tras la emisi\u00f3n de Contralor\u00eda del Dictamen 2.337 con 21 observaciones al PRC de la comuna.&nbsp;<\/p>\n\n\n\n<p style=\"font-size:17px\">En cuanto a los pasos a seguir, la autoridad comenta que ahora est\u00e1n en proceso de analizar las observaciones y establecer los caminos y acciones para subsanar cada uno de los puntos. En ese contexto, el edil agreg\u00f3 que \u201c<em>nuestro objetivo es hacer este an\u00e1lisis a la brevedad, entendiendo que tenemos que revisar en su m\u00e9rito el nivel de complejidad de las observaciones que ha hecho la Contralor\u00eda respecto de este proceso que tiene una trascendencia fundamental para nuestra comuna. Actualmente tenemos un Plan Regulador Comunal que tiene una data de 30 a\u00f1os, por cierto que no responde a lo que es la comuna hoy y sus necesidades, por lo tanto, llegar a un buen t\u00e9rmino con un nuevo instrumento actualizado es de la mayor relevancia para nuestra administraci\u00f3n\u201d.<\/em><\/p>\n\n\n\n<p style=\"font-size:17px\"><em>\u201cEst\u00e1bamos esperando el Dictamen, que como en muchos otros PRC, la Contralor\u00eda revisa y se pronuncia sobre el expediente remitido por el Gobierno Regional, ahora lo m\u00e1s importante es reparar y\/o complementar lo observado y seguir adelante<\/em>\u201d, concluye G\u00e1rate.&nbsp;<\/p>\n\n\n\n<p style=\"font-size:17px\">El alcalde de Puerto Varas, agreg\u00f3 que \u201c<em>un nuevo Plan Regulador para nuestra comuna es una aspiraci\u00f3n sentida por todos los actores y sectores del territorio. Creo que en la relevancia de planificar y hacerlo bien no hay dos voces, estamos todos con el mismo objetivo. Estar alineados en agilizar este proceso nos ayuda a avanzar con celeridad y poniendo por delante el inter\u00e9s de la comunidad y el lugar que habitamo<\/em>s\u201d.<\/p>\n","protected":false},"excerpt":{"rendered":"<p>Los pr\u00f3ximos d\u00edas la casa edilicia realizar\u00e1 el an\u00e1lisis a fondo de las 21 observaciones y as\u00ed determinar los plazos que implicar\u00eda subsanar cada uno antes de dar respuesta.<\/p>\n","protected":false},"author":1,"featured_media":2342,"comment_status":"closed","ping_status":"closed","sticky":false,"template":"","format":"standard","meta":{"footnotes":""},"categories":[3,8],"tags":[],"class_list":["post-2341","post","type-post","status-publish","format-standard","has-post-thumbnail","hentry","category-al-dia","category-comunas"],"_links":{"self":[{"href":"https:\/\/www.semanariolocal.cl\/index.php?rest_route=\/wp\/v2\/posts\/2341","targetHints":{"allow":["GET"]}}],"collection":[{"href":"https:\/\/www.semanariolocal.cl\/index.php?rest_route=\/wp\/v2\/posts"}],"about":[{"href":"https:\/\/www.semanariolocal.cl\/index.php?rest_route=\/wp\/v2\/types\/post"}],"author":[{"embeddable":true,"href":"https:\/\/www.semanariolocal.cl\/index.php?rest_route=\/wp\/v2\/users\/1"}],"replies":[{"embeddable":true,"href":"https:\/\/www.semanariolocal.cl\/index.php?rest_route=%2Fwp%2Fv2%2Fcomments&post=2341"}],"version-history":[{"count":1,"href":"https:\/\/www.semanariolocal.cl\/index.php?rest_route=\/wp\/v2\/posts\/2341\/revisions"}],"predecessor-version":[{"id":2343,"href":"https:\/\/www.semanariolocal.cl\/index.php?rest_route=\/wp\/v2\/posts\/2341\/revisions\/2343"}],"wp:featuredmedia":[{"embeddable":true,"href":"https:\/\/www.semanariolocal.cl\/index.php?rest_route=\/wp\/v2\/media\/2342"}],"wp:attachment":[{"href":"https:\/\/www.semanariolocal.cl\/index.php?rest_route=%2Fwp%2Fv2%2Fmedia&parent=2341"}],"wp:term":[{"taxonomy":"category","embeddable":true,"href":"https:\/\/www.semanariolocal.cl\/index.php?rest_route=%2Fwp%2Fv2%2Fcategories&post=2341"},{"taxonomy":"post_tag","embeddable":true,"href":"https:\/\/www.semanariolocal.cl\/index.php?rest_route=%2Fwp%2Fv2%2Ftags&post=2341"}],"curies":[{"name":"wp","href":"https:\/\/api.w.org\/{rel}","templated":true}]}}