{"id":2338,"date":"2021-10-09T03:11:16","date_gmt":"2021-10-09T06:11:16","guid":{"rendered":"https:\/\/www.semanariolocal.cl\/?p=2338"},"modified":"2021-10-09T03:11:16","modified_gmt":"2021-10-09T06:11:16","slug":"indespa-asigna-886-millones-en-apoyo-a-149-productores-acuicolas-de-pequena-escala","status":"publish","type":"post","link":"https:\/\/www.semanariolocal.cl\/?p=2338","title":{"rendered":"Indespa asigna $886 millones en apoyo a 149 productores Acu\u00edcolas de Peque\u00f1a Escala"},"content":{"rendered":"\n<p style=\"font-size:17px\">Recursos por m\u00e1s de 886 millones de pesos recibir\u00e1n 149 peque\u00f1os acuicultores de la regi\u00f3n de Los Lagos para la implementaci\u00f3n y fortalecimiento de cultivos de mit\u00edlidos, ostras y algas esto en el marco del concurso nacional de apoyo a la acuicultura de peque\u00f1a escala (APE) del Instituto Nacional de Desarrollo Sustentable de la Pesca Artesanal y de la Acuicultura de Peque\u00f1a Escala, Indespa.<\/p>\n\n\n\n<p style=\"font-size:17px\">Este llamado tuvo por objetivo apoyar a organizaciones de pescadores artesanales y acuicultores individuales, en el desarrollo de la producci\u00f3n de recursos, tanto en concesiones acu\u00edcolas como pol\u00edgonos de acuicultura en \u00e1reas de manejo de recursos bent\u00f3nicos.<\/p>\n\n\n\n<p style=\"font-size:17px\">El Seremi de Econom\u00eda, Fomento y Turismo, Francisco Mu\u00f1oz, la Directora Zonal de Pesca y Acuicultura, Yareztly Bustamante y la encargada regional de Indespa, Mariela Guzm\u00e1n, visitaron a durante esta semana a los primeros beneficiarios en las comunas de Cocham\u00f3, Bah\u00eda Ilque y Calbuco.<\/p>\n\n\n\n<p style=\"font-size:17px\">Mariela Guzm\u00e1n, encargada regional de Indespa, destac\u00f3 que la regi\u00f3n es pionera en el desarrollo de la peque\u00f1a acuicultura que contribuye a la sustentabilidad de la actividad a trav\u00e9s del cultivo de recursos pesqueros.&nbsp;<strong><em>\u201cEn Indespa trabajamos por el fomento productivo de la pesca artesanal y acuicultura de peque\u00f1a escala. Hoy con este fondo estamos apoyando a 149 peque\u00f1os acuicultores individuales y asociativos, quienes mediante estos recursos podr\u00e1n financiar estudios para la tramitaci\u00f3n y obtenci\u00f3n de permisos que les ayuden a seguir creciendo; adquirir equipamiento y estructuras para implementar cultivos en etapas iniciales, o reponer estructuras de cosechas ya en desarrollo\u201d,<\/em>&nbsp;<\/strong>subray\u00f3 la profesional.<\/p>\n\n\n\n<p style=\"font-size:17px\">Seremi de Econom\u00eda, Fomento y Turismo, Francisco Mu\u00f1oz, explic\u00f3 que&nbsp;<strong><em>\u201cla acuicultura a peque\u00f1a escala, es decir la producci\u00f3n de choritos se desarrolla en un 98% en la regi\u00f3n de Los Lagos, por eso es relevante el trabajo que est\u00e1 haciendo Indespa en apoyar esta actividad productiva tan importante en la regi\u00f3n; en este concurso se ha apoyado a 149 emprendedores que desarrolla esta actividad, respondiendo a una inversi\u00f3n regional de $886 millones. Visitamos y conocimos los casos Bah\u00eda Ilque, un emprendedor que no necesariamente es pescador artesanal y tambi\u00e9n en Calbuco que ya est\u00e1n desarrollando esta actividad por m\u00e1s de 20 a\u00f1os, lo que aporta a la productividad y tambi\u00e9n a alivianar las condiciones de trabajo de las personas que desarrollan la acuicultura. Como Gobierno seguiremos comprometidos no solamente en la instancia de fomento, sino tambi\u00e9n en resolver el uso y ocupaci\u00f3n del borde costero y por supuesto, mejorar las condiciones de productividad y calidad del producto\u201d.<\/em><\/strong><\/p>\n\n\n\n<p style=\"font-size:17px\">La convocatoria, contempl\u00f3 tres l\u00edneas de apoyo: normalizaci\u00f3n y cumplimiento normativo; implementaci\u00f3n<a>&nbsp;y&nbsp;<\/a>asistencia t\u00e9cnica para el desarrollo de centros de cultivo o pol\u00edgonos de acuicultura en \u00e1reas de manejo.<\/p>\n\n\n\n<p style=\"font-size:17px\">En la l\u00ednea de normalizaci\u00f3n y cumplimiento normativo, las autoridades visitaron los cultivos de mit\u00edlidos de Rodrigo Leiva, mitilicultor de Bah\u00eda Ilque quien explic\u00f3 que es la primera vez que postula a un fonde de Indespa y que&nbsp;<strong><em>\u201chemos sido beneficiados por un monto de $5 millones 600 mil, para activar las certificaciones y los monitoreos mensuales de cosechas. Estamos muy contentos ya que estos recursos nos van a ayudar a paliar gastos en otros segmentos de nuestro centro de cultivo\u201d.<\/em><\/strong><\/p>\n\n\n\n<p style=\"font-size:17px\">Por otra parte, en la visita a Calbuco las autoridades conocieron a otros cuatro acuicultores beneficiarios del concurso de APE. Fernando Ch\u00e1vez, acuicultor de la Isla Puluqui de la comuna de Calbuco, se adjudic\u00f3 fondos en la l\u00ednea de implementaci\u00f3n, expres\u00f3 que&nbsp;<strong><em>\u201clos $7 millones 550 mil van a ser usado para la compra de un bote con motor fuera de borda de 40 HP el cual va a mejorar flotabilidad del proyecto de cultivo de choritos y tambi\u00e9n los tiempos que se van a cortar entre el traslado al centro ida y vuelta y en el caso que de que llegara a ocurrir un accidente los tiempos se van a disminuir en un 60%, al lugar m\u00e1s cercano que es Calbuco\u201d.<\/em><\/strong><\/p>\n\n\n\n<p style=\"font-size:17px\">A nivel regional, estos recursos llegar\u00e1n a productores de las comunas de Ancud (3), Calbuco (23), Castro (10), Chonchi (2), Cocham\u00f3 (21), Dalcahue (5), Frutillar (2), Hualaihu\u00e9 (5), Osorno (1), Puerto Montt (29), Puerto Varas (1), Queilen (16), Quell\u00f3n (27) y Quemchi (1).&nbsp;<\/p>\n","protected":false},"excerpt":{"rendered":"<p>Recursos por m\u00e1s de 886 millones de pesos recibir\u00e1n 149 peque\u00f1os acuicultores de la regi\u00f3n de Los Lagos para la implementaci\u00f3n y fortalecimiento de cultivos de mit\u00edlidos, ostras y algas esto en el marco del concurso nacional de apoyo a la acuicultura de peque\u00f1a escala (APE) del Instituto Nacional de Desarrollo Sustentable de la Pesca&#8230;<a class=\"btnReadMore\" href=\"https:\/\/www.semanariolocal.cl\/?p=2338\"> Leer M\u00e1s<\/a><\/p>\n","protected":false},"author":1,"featured_media":2339,"comment_status":"closed","ping_status":"closed","sticky":false,"template":"","format":"standard","meta":{"footnotes":""},"categories":[3],"tags":[],"class_list":["post-2338","post","type-post","status-publish","format-standard","has-post-thumbnail","hentry","category-al-dia"],"_links":{"self":[{"href":"https:\/\/www.semanariolocal.cl\/index.php?rest_route=\/wp\/v2\/posts\/2338","targetHints":{"allow":["GET"]}}],"collection":[{"href":"https:\/\/www.semanariolocal.cl\/index.php?rest_route=\/wp\/v2\/posts"}],"about":[{"href":"https:\/\/www.semanariolocal.cl\/index.php?rest_route=\/wp\/v2\/types\/post"}],"author":[{"embeddable":true,"href":"https:\/\/www.semanariolocal.cl\/index.php?rest_route=\/wp\/v2\/users\/1"}],"replies":[{"embeddable":true,"href":"https:\/\/www.semanariolocal.cl\/index.php?rest_route=%2Fwp%2Fv2%2Fcomments&post=2338"}],"version-history":[{"count":1,"href":"https:\/\/www.semanariolocal.cl\/index.php?rest_route=\/wp\/v2\/posts\/2338\/revisions"}],"predecessor-version":[{"id":2340,"href":"https:\/\/www.semanariolocal.cl\/index.php?rest_route=\/wp\/v2\/posts\/2338\/revisions\/2340"}],"wp:featuredmedia":[{"embeddable":true,"href":"https:\/\/www.semanariolocal.cl\/index.php?rest_route=\/wp\/v2\/media\/2339"}],"wp:attachment":[{"href":"https:\/\/www.semanariolocal.cl\/index.php?rest_route=%2Fwp%2Fv2%2Fmedia&parent=2338"}],"wp:term":[{"taxonomy":"category","embeddable":true,"href":"https:\/\/www.semanariolocal.cl\/index.php?rest_route=%2Fwp%2Fv2%2Fcategories&post=2338"},{"taxonomy":"post_tag","embeddable":true,"href":"https:\/\/www.semanariolocal.cl\/index.php?rest_route=%2Fwp%2Fv2%2Ftags&post=2338"}],"curies":[{"name":"wp","href":"https:\/\/api.w.org\/{rel}","templated":true}]}}