{"id":23357,"date":"2024-09-01T09:00:00","date_gmt":"2024-09-01T13:00:00","guid":{"rendered":"https:\/\/www.semanariolocal.cl\/?p=23357"},"modified":"2024-08-31T23:18:44","modified_gmt":"2024-09-01T03:18:44","slug":"la-personalidad-neurotica-una-fuente-de-sufrimiento","status":"publish","type":"post","link":"https:\/\/www.semanariolocal.cl\/?p=23357","title":{"rendered":"La personalidad neur\u00f3tica: una fuente de sufrimiento"},"content":{"rendered":"\n<p>Hoy sabemos que los sujetos con <strong>\u201cpersonalidad neur\u00f3tica\u201d<\/strong> representan una constante en la sociedad, y a pesar de que hablamos de las personas como <strong>\u201cseres racionales\u201d<\/strong>, en rigor, nos encontramos con un hecho dif\u00edcil de refutar: la inestabilidad emocional \u2013m\u00e1s que la racionalidad\u2013 est\u00e1 ampliamente difundida y extendida entre la especie humana.<\/p>\n\n\n\n<p>El concepto <strong>\u201cneuroticismo\u201d<\/strong> apunta a: (a) la inestabilidad y a tener dificultades para el control y gesti\u00f3n emocional, (b) inclinaci\u00f3n hacia ideas y emociones de car\u00e1cter negativo y que generan ansiedad: sensaci\u00f3n de que les va a ocurrir algo malo en cualquier momento, (c) presentar estados de \u00e1nimo bajos: pena, tristeza, crisis de p\u00e1nico, depresi\u00f3n, (d) mostrar sentimientos negativos como ira, frustraci\u00f3n e irritabilidad. Esto determina, que r\u00e1pidamente un leve est\u00edmulo \u2013sin importancia para la gran mayor\u00eda\u2013 genere mucho malestar e incomodidad en la persona neur\u00f3tica.<\/p>\n\n\n\n<p>Son muchos los investigadores que se han dedicado al estudio de la personalidad, siendo el Dr. Hans Eysenck uno de los m\u00e1s connotados y reconocidos, ya que su Teor\u00eda de la Personalidad sigue siendo considerada como un paradigma a\u00fan vigente y uno de los referentes m\u00e1s s\u00f3lidos que la Psicolog\u00eda ha entregado, ya que es una de las teor\u00edas que mejor explica por qu\u00e9 raz\u00f3n cada individuo tiene su propia personalidad.<\/p>\n\n\n\n<p>El Dr. Eysenck plante\u00f3 que existen tres grandes dimensiones de rasgos \u2013o s\u00faper factores\u2013 a partir de los cuales, se pueden hacer ciertos pron\u00f3sticos a nivel biopsicosocial, donde los niveles de <strong>Psicoticismo (P)<\/strong>,<strong> Extraversi\u00f3n (E) y Neuroticismo (N)<\/strong>, permiten formular predicciones psicol\u00f3gicas, fisiol\u00f3gicas y sociales, condici\u00f3n que dio lugar a su Teor\u00eda bifactorial o <strong>\u201cmodelo PEN de la personalidad\u201d<\/strong>.<\/p>\n\n\n\n<p>El <strong>\u201cfactor neuroticismo\u201d<\/strong> considera el polo que va desde la estabilidad hasta la inestabilidad emocional, y con esta dimensi\u00f3n el Dr. Eysenck busc\u00f3 explicar la raz\u00f3n por la que algunos individuos son m\u00e1s propensos que otros a experimentar ansiedad, histeria, depresi\u00f3n u obsesi\u00f3n ante diversas situaciones de vida, definiendo a estas personas como aquellas que reaccionan de forma exagerada y de manera m\u00e1s frecuente que otros sujetos, y a quienes les cuesta volver a un <strong>\u201cnivel normal de activaci\u00f3n emocional\u201d<\/strong>. Se entiende que en el otro extremo de la dimensi\u00f3n \u2013polo de la estabilidad\u2013, se ubican las personas que son calmadas, estables y que tienen un alto autocontrol de impulsos.<\/p>\n\n\n\n<p>El <strong>\u201cfactor extraversi\u00f3n\u201d<\/strong>, por su parte, considera un polo que va desde el sujeto m\u00e1s extravertido al sujeto m\u00e1s introvertido, en funci\u00f3n de lo cual, aquellas personas que obtienen altos puntajes en extraversi\u00f3n presentan rasgos m\u00e1s marcados de sociabilidad, impulsividad, desinhibici\u00f3n, vitalidad, optimismo o agudeza de ingenio, en tanto que los individuos m\u00e1s introvertidos dan m\u00e1s muestras de pasividad, reserva, tranquilidad, reflexividad, pesimismo, timidez, bajo nivel de sociabilidad.<\/p>\n\n\n\n<p>El <strong>\u201cfactor psicoticismo\u201d<\/strong>, refleja el nivel de vulnerabilidad de un sujeto para caer en conductas impulsivas, agresivas o de poca empat\u00eda, lo que lleva a que estas personas tiendan a ser antisociales, insensibles, violentas, agresivas y extravagantes. Si la puntuaci\u00f3n que obtienen en este rasgo, es alta, ello se relaciona con la presencia de trastornos mentales, tal como una psicosis. A diferencia de las otras dos dimensiones que muestran una <strong>\u201cpolaridad\u201d<\/strong> (extraversi\u00f3n\u2013introversi\u00f3n, estabilidad\u2013inestabilidad emocional), el psicoticismo no tiene un extremo opuesto (o inverso), a ra\u00edz de que es un componente que est\u00e1 presente en distintos niveles en los seres humanos.<\/p>\n\n\n\n<p>El concepto <strong>\u201cneur\u00f3tico\u201d (o neuroticismo)<\/strong> se utiliza para referirse a un rasgo de personalidad que muestra la tendencia del sujeto a ahondar en pensamientos negativos y estresantes, que pueden irrumpir casi en cualquier momento del diario vivir, siendo algunas caracter\u00edsticas del perfil del individuo neur\u00f3tico, las siguientes:<\/p>\n\n\n\n<p>1. <strong>Pueden ser muy directas<\/strong>. En sus relaciones interpersonales, los &nbsp;neur\u00f3ticos son capaces de mostrarse muy invasivos \u2013incluso inoportunos o desubicados\u2013 con quienes interact\u00faan. Si bien, ellos conocen lo que se considera como <strong>\u201cconducta adecuada\u201d<\/strong>, en la vida pr\u00e1ctica les cuesta tenerla en cuenta, ya que son afectadas por las emociones de manera independiente de si esto las lleva a ser invasivas en la vida de los dem\u00e1s.<\/p>\n\n\n\n<p>2. <strong>Son sensibles a la cr\u00edtica<\/strong>. Es com\u00fan que los neur\u00f3ticos tengan una autoestima un tanto inestable y relativamente baja como consecuencia de los constantes episodios de incertidumbre por los cuales atraviesan. Es por ello, que las cr\u00edticas que reciben, pueden dar justo en el blanco y herir con fuerza sus sentimientos, no s\u00f3lo por el hecho de que los neur\u00f3ticos puedan creer que existen razones por las cuales se los puede criticar, sino porque adoptan una interpretaci\u00f3n <strong>\u201ccatastrofista de las cosas\u201d<\/strong>, ya que las cr\u00edticas que se le hagan ser\u00e1n tomadas como un mensaje velado de que la gente conoce un secreto de \u00e9l que adquiere caracter\u00edsticas aterradoras, si es revelado.<\/p>\n\n\n\n<p>3. <strong>Tienden a contradecirse.<\/strong> En los neur\u00f3ticos existe relativamente poca coherencia entre su discurso y sus acciones, lo cual se debe al estado emocional que experimentan en el momento, lo que determina que el razonamiento que pudiese estructurar y organizar su pensamiento y conducta desaparezca \u2013o pierda importancia\u2013 durante aquellos instantes en que lo emocional prima por sobre la conducta racional. Tienden a caer en estados de estr\u00e9s y de ansiedad anticipatoria. Frente a los contratiempos o dificultades que se presentan, el estr\u00e9s se apodera de los sujetos neur\u00f3ticos y se manifiesta de manera intensa, pudiendo llegar a producir diversas crisis en las que la persona pierde el control sobre s\u00ed misma.<\/p>\n\n\n\n<p>4. <strong>Realizan previsiones en t\u00e9rminos de todo o nada, blanco o negro.<\/strong> Los neur\u00f3ticos suelen pasar por alto los detalles y matices de un suceso, especialmente, cuando algo capta su atenci\u00f3n por sobre otras cosas, lo cual, los conduce a realizar <strong>\u201cpredicciones\u201d<\/strong> negativas: visualizan sucesos futuros con car\u00e1cter pesimista y agoreros, de modo tal, que todo lo enfocan en funci\u00f3n de si ciertas acciones que lleven a cabo los acercar\u00e1n o los alejar\u00e1n de ese escenario percibido como negativo, incluso aterrador.<\/p>\n\n\n\n<p>5. <strong>No toleran la frustraci\u00f3n<\/strong> <strong>y son, en general, m\u00e1s sensibles y susceptibles que otras personas.<\/strong> Si bien, las personas neur\u00f3ticas se caracterizan por ir de un extremo (o polo) de emociones a su opuesto, a esto se le suma la facilidad con la que caen en emociones negativas. A ra\u00edz de lo anterior, es muy f\u00e1cil que se sientan heridas con todo tipo de situaciones y vivencias, desde mirar una pel\u00edcula triste, hasta sentirse muy mal con algo que para otros s\u00f3lo ser\u00eda un evento ligeramente ofensivo.<\/p>\n\n\n\n<p>6. <strong>Presentan dificultades para relacionarse y comunicarse<\/strong>. Las personas neur\u00f3ticas suelen tener problemas en su lugar de trabajo, as\u00ed como tambi\u00e9n en todos aquellos \u00e1mbitos donde tengan que convivir con otras personas, hasta el punto, en que en ciertos casos graves, el sujeto neur\u00f3tico puede aparecer ante los ojos de los dem\u00e1s como un \u201cmaltratador psicol\u00f3gico\u201d.<\/p>\n\n\n\n<p>Las personas que padecen alg\u00fan grado de neurosis se exponen a que la gente se aleje de ellos, ya que las pueden ver como individuos raros y algo exc\u00e9ntricos, lo que a su vez, puede conducir al sujeto a recluirse y aislarse socialmente de las otras personas.<\/p>\n\n\n\n<p><strong>Dr. Franco Lotito C. \u2013 <a href=\"http:\/\/www.aurigaservicios.cl\">www.aurigaservicios.cl<\/a><\/strong><strong> &#8211; <\/strong><strong>Conferencista, escritor e investigador (PUC)<\/strong><strong><\/strong><\/p>\n","protected":false},"excerpt":{"rendered":"<p>Hoy sabemos que los sujetos con \u201cpersonalidad neur\u00f3tica\u201d representan una constante en la sociedad, y a pesar de que hablamos de las personas como \u201cseres racionales\u201d, en rigor, nos encontramos con un hecho dif\u00edcil de refutar: la inestabilidad emocional \u2013m\u00e1s que la racionalidad\u2013 est\u00e1 ampliamente difundida y extendida entre la especie humana. El concepto \u201cneuroticismo\u201d&#8230;<a class=\"btnReadMore\" href=\"https:\/\/www.semanariolocal.cl\/?p=23357\"> Leer M\u00e1s<\/a><\/p>\n","protected":false},"author":1,"featured_media":23358,"comment_status":"closed","ping_status":"closed","sticky":false,"template":"","format":"standard","meta":{"footnotes":""},"categories":[3,7,3265],"tags":[2118,823,337,273,247,133],"class_list":["post-23357","post","type-post","status-publish","format-standard","has-post-thumbnail","hentry","category-al-dia","category-opinion","category-psicologia","tag-semanariolocal","tag-franco-lotito-catino","tag-informacion","tag-noticias","tag-region-de-los-lagos","tag-semanario-local"],"_links":{"self":[{"href":"https:\/\/www.semanariolocal.cl\/index.php?rest_route=\/wp\/v2\/posts\/23357","targetHints":{"allow":["GET"]}}],"collection":[{"href":"https:\/\/www.semanariolocal.cl\/index.php?rest_route=\/wp\/v2\/posts"}],"about":[{"href":"https:\/\/www.semanariolocal.cl\/index.php?rest_route=\/wp\/v2\/types\/post"}],"author":[{"embeddable":true,"href":"https:\/\/www.semanariolocal.cl\/index.php?rest_route=\/wp\/v2\/users\/1"}],"replies":[{"embeddable":true,"href":"https:\/\/www.semanariolocal.cl\/index.php?rest_route=%2Fwp%2Fv2%2Fcomments&post=23357"}],"version-history":[{"count":1,"href":"https:\/\/www.semanariolocal.cl\/index.php?rest_route=\/wp\/v2\/posts\/23357\/revisions"}],"predecessor-version":[{"id":23359,"href":"https:\/\/www.semanariolocal.cl\/index.php?rest_route=\/wp\/v2\/posts\/23357\/revisions\/23359"}],"wp:featuredmedia":[{"embeddable":true,"href":"https:\/\/www.semanariolocal.cl\/index.php?rest_route=\/wp\/v2\/media\/23358"}],"wp:attachment":[{"href":"https:\/\/www.semanariolocal.cl\/index.php?rest_route=%2Fwp%2Fv2%2Fmedia&parent=23357"}],"wp:term":[{"taxonomy":"category","embeddable":true,"href":"https:\/\/www.semanariolocal.cl\/index.php?rest_route=%2Fwp%2Fv2%2Fcategories&post=23357"},{"taxonomy":"post_tag","embeddable":true,"href":"https:\/\/www.semanariolocal.cl\/index.php?rest_route=%2Fwp%2Fv2%2Ftags&post=23357"}],"curies":[{"name":"wp","href":"https:\/\/api.w.org\/{rel}","templated":true}]}}