{"id":2335,"date":"2021-10-09T03:07:44","date_gmt":"2021-10-09T06:07:44","guid":{"rendered":"https:\/\/www.semanariolocal.cl\/?p=2335"},"modified":"2021-10-09T03:07:44","modified_gmt":"2021-10-09T06:07:44","slug":"constituyente-jurgensen-cuestiona-solicitud-adicional-de-resguardo-policial-especial","status":"publish","type":"post","link":"https:\/\/www.semanariolocal.cl\/?p=2335","title":{"rendered":"Constituyente J\u00fcrgensen cuestiona solicitud adicional de resguardo policial especial"},"content":{"rendered":"\n<p style=\"font-size:17px\">Hace poco se hizo p\u00fablico un oficio enviado por la Pdta. de la Convenci\u00f3n al Ministro del Interior, solicit\u00e1ndole seguridad especial para los 155 Convencionales que estar\u00e1n realizando actividades territoriales durante la semana pr\u00f3xima.<\/p>\n\n\n\n<p style=\"font-size:17px\">En un comunicado de prensa, un grupo de Convencionales de Chile vamos manifestaron su \u201cm\u00e1s profundo y radical rechazo a esta solicitud de privilegios en favor de los Convencionales Constituyentes. La seguridad es una de las prioridades de los chilenos, y creemos que no hay raz\u00f3n alguna que justifique medidas especiales para nosotros\u201d. Al respecto, Mart\u00edn Arrau se\u00f1al\u00f3 que la medida \u201cdemuestra una desconexi\u00f3n enorme con el mundo real: la gente no quiere m\u00e1s privilegios para los pol\u00edticos y a la vez, pide m\u00e1s Carabineros en las calles\u201d.<\/p>\n\n\n\n<p style=\"font-size:17px\">En la misma l\u00ednea reaccion\u00f3 la Convencional Ruth Hurtado, que la semana pasada cuestion\u00f3 en duros t\u00e9rminos a Lonc\u00f3n y a la Mesa Directiva, por oponerse a un minuto de silencio que solicit\u00f3 en favor del agricultor muerto, a ra\u00edz de las quemaduras que sufri\u00f3 en un atentado incendiario: \u201cEl doble est\u00e1ndar es notorio, por un lado, habla de \u2018desmilitarizar\u2019 La Araucan\u00eda y de eliminar Carabineros, pero cuando es para su \u2018uso\u2019 y \u2018beneficio\u2019, no tiene problema en recurrir a Carabineros\u201d. &nbsp;<\/p>\n\n\n\n<p style=\"font-size:17px\">El oficio se da a conocer a d\u00edas de que se inicie la primera semana distrital, cuya aprobaci\u00f3n recibi\u00f3 fuertes cr\u00edticas, ya que de acuerdo a la opini\u00f3n de algunos Convencionales no era pertinente retrasar m\u00e1s a\u00fan la redacci\u00f3n del texto constitucional. As\u00ed, Harry J\u00fcrgensen hizo presente que le parec\u00eda completamente innecesaria la petici\u00f3n de Lonc\u00f3n: \u201cLos Convencionales nos sentimos seguros en nuestros territorios y no es necesario que la Mesa solicite protecci\u00f3n especial de nuestras polic\u00edas, especialmente si se considera que tanto Carabineros como la PDI deben extremar recursos en zonas donde act\u00faan terroristas y delincuentes, y donde la ciudadan\u00eda realmente los necesita\u201d.<\/p>\n\n\n\n<p style=\"font-size:17px\">Por \u00faltimo, Roc\u00edo Cantuarias, se\u00f1al\u00f3 que: \u201cNos parece completamente fuera de lugar la solicitud de la Presidente exigiendo seguridad para nosotros, ella tiene un discurso indiferente sobre la violencia y al parecer no le importa comprender el mundo, sino transformarlo, ya que una real comprensi\u00f3n de lo que est\u00e1n viviendo las v\u00edctimas del terrorismo, modificar\u00eda en alg\u00fan grado su conducta.\u201d<\/p>\n","protected":false},"excerpt":{"rendered":"<p>Hace poco se hizo p\u00fablico un oficio enviado por la Pdta. de la Convenci\u00f3n al Ministro del Interior, solicit\u00e1ndole seguridad especial para los 155 Convencionales que estar\u00e1n realizando actividades territoriales durante la semana pr\u00f3xima. En un comunicado de prensa, un grupo de Convencionales de Chile vamos manifestaron su \u201cm\u00e1s profundo y radical rechazo a esta&#8230;<a class=\"btnReadMore\" href=\"https:\/\/www.semanariolocal.cl\/?p=2335\"> Leer M\u00e1s<\/a><\/p>\n","protected":false},"author":1,"featured_media":2336,"comment_status":"closed","ping_status":"closed","sticky":false,"template":"","format":"standard","meta":{"footnotes":""},"categories":[3,6],"tags":[],"class_list":["post-2335","post","type-post","status-publish","format-standard","has-post-thumbnail","hentry","category-al-dia","category-politica"],"_links":{"self":[{"href":"https:\/\/www.semanariolocal.cl\/index.php?rest_route=\/wp\/v2\/posts\/2335","targetHints":{"allow":["GET"]}}],"collection":[{"href":"https:\/\/www.semanariolocal.cl\/index.php?rest_route=\/wp\/v2\/posts"}],"about":[{"href":"https:\/\/www.semanariolocal.cl\/index.php?rest_route=\/wp\/v2\/types\/post"}],"author":[{"embeddable":true,"href":"https:\/\/www.semanariolocal.cl\/index.php?rest_route=\/wp\/v2\/users\/1"}],"replies":[{"embeddable":true,"href":"https:\/\/www.semanariolocal.cl\/index.php?rest_route=%2Fwp%2Fv2%2Fcomments&post=2335"}],"version-history":[{"count":1,"href":"https:\/\/www.semanariolocal.cl\/index.php?rest_route=\/wp\/v2\/posts\/2335\/revisions"}],"predecessor-version":[{"id":2337,"href":"https:\/\/www.semanariolocal.cl\/index.php?rest_route=\/wp\/v2\/posts\/2335\/revisions\/2337"}],"wp:featuredmedia":[{"embeddable":true,"href":"https:\/\/www.semanariolocal.cl\/index.php?rest_route=\/wp\/v2\/media\/2336"}],"wp:attachment":[{"href":"https:\/\/www.semanariolocal.cl\/index.php?rest_route=%2Fwp%2Fv2%2Fmedia&parent=2335"}],"wp:term":[{"taxonomy":"category","embeddable":true,"href":"https:\/\/www.semanariolocal.cl\/index.php?rest_route=%2Fwp%2Fv2%2Fcategories&post=2335"},{"taxonomy":"post_tag","embeddable":true,"href":"https:\/\/www.semanariolocal.cl\/index.php?rest_route=%2Fwp%2Fv2%2Ftags&post=2335"}],"curies":[{"name":"wp","href":"https:\/\/api.w.org\/{rel}","templated":true}]}}