{"id":2329,"date":"2021-10-07T18:47:45","date_gmt":"2021-10-07T21:47:45","guid":{"rendered":"https:\/\/www.semanariolocal.cl\/?p=2329"},"modified":"2021-10-07T18:47:46","modified_gmt":"2021-10-07T21:47:46","slug":"santo-tomas-osorno-culmino-con-exito-su-feria-academica-admision-2022","status":"publish","type":"post","link":"https:\/\/www.semanariolocal.cl\/?p=2329","title":{"rendered":"Santo Tom\u00e1s Osorno culmin\u00f3 con \u00e9xito su Feria Acad\u00e9mica Admisi\u00f3n 2022"},"content":{"rendered":"\n<p style=\"font-size:17px\">En la Plaza de Armas de Osorno se desarroll\u00f3 una Feria t\u00e9cnico profesional con miras a lo que ser\u00e1 la Admisi\u00f3n 2022 de las Instituciones Santo Tom\u00e1s Osorno, que comienza el pr\u00f3ximo 13 de octubre.<\/p>\n\n\n\n<p style=\"font-size:17px\">La iniciativa \u2013 en la que se desarrollaron ex\u00e1menes preventivos de salud y operativos de desparasitaci\u00f3n de mascotas- estuvo dirigida a la comunidad en general, pero principalmente a alumnos y alumnas de tercero y cuarto medio, tuvo como prop\u00f3sito orientar y entregar informaci\u00f3n sobre las carreras que impartir\u00e1 la sede Osorno el pr\u00f3ximo a\u00f1o, adem\u00e1s de resolver dudas y consultas sobre la gratuidad, becas y beneficios ministeriales.<\/p>\n\n\n\n<p style=\"font-size:17px\">Cabe mencionar que tanto el CFT e IP Santo Tom\u00e1s cuentan con 5 a\u00f1os de Acreditaci\u00f3n en Gesti\u00f3n Institucional y Docencia de Pregrado hasta el 2024 y 2026, respectivamente, y ambos se encuentran adscritos a gratuidad.<\/p>\n\n\n\n<p style=\"font-size:17px\">As\u00ed lo destac\u00f3 el Rector Eugenio Larra\u00edn, quien manifest\u00f3 que \u201cnuestros estudiantes que tienen distintas situaciones socioecon\u00f3micas podr\u00e1n postular al sistema de becas y cr\u00e9ditos del Estado -que ya comenz\u00f3 el 5 de octubre y que terminar\u00e1 el 27 inicialmente- y optar o hacer la solicitud para que se apruebe su gratuidad y eso significa que podr\u00e1n matricularse gratis y estudiar sin costo durante todo el tiempo que dure su carrera\u201d.<\/p>\n\n\n\n<p style=\"font-size:17px\"><\/p>\n\n\n\n<figure class=\"wp-block-embed is-type-video is-provider-youtube wp-block-embed-youtube wp-embed-aspect-16-9 wp-has-aspect-ratio\"><div class=\"wp-block-embed__wrapper\">\n<ul class=\"bxslider-vid\"><li><iframe loading=\"lazy\" title=\"Feria Vocacional de UST en Osorno\" width=\"1778\" height=\"1000\" src=\"https:\/\/www.youtube.com\/embed\/PMdpCXZxDVc?feature=oembed\" frameborder=\"0\" allow=\"accelerometer; autoplay; clipboard-write; encrypted-media; gyroscope; picture-in-picture\" allowfullscreen><\/iframe><\/li><\/ul>\n<\/div><\/figure>\n\n\n\n<p style=\"font-size:17px\">El proceso de Admisi\u00f3n Santo Tom\u00e1s 2022 inicia el pr\u00f3ximo 13 de octubre en cualquiera de las 22 sedes de Arica a Punta Arenas, por lo que los estudiantes e interesados desde ya pueden comenzar a agendar su hora con anticipaci\u00f3n y as\u00ed tener un acceso m\u00e1s r\u00e1pido para concretar su matr\u00edcula en <a href=\"about:blank\">https:\/\/www.tupuedes.cl\/agendamiento\/<\/a>&nbsp;, atenci\u00f3n que seg\u00fan la preferencia puede ser presencial o modalidad asistida.<\/p>\n\n\n\n<p style=\"font-size:17px\">En caso de consultas, los interesados pueden comunicarse con Admisi\u00f3n Santo Tom\u00e1s Osorno al correo <a href=\"about:blank\">admision.osorno@santotomas.cl<\/a> o llamar a los tel\u00e9fonos 64 -2 228200 \u2013 8278 \u2013 8206, o a trav\u00e9s de n\u00famero de WhatsApp +56 9 30195048.<\/p>\n\n\n\n<p style=\"font-size:17px\">&nbsp;&nbsp;&nbsp;&nbsp;&nbsp;&nbsp;&nbsp;&nbsp;&nbsp;&nbsp;&nbsp;&nbsp;&nbsp;&nbsp; Es importante destacar que el Instituto Profesional y Centro de Formaci\u00f3n T\u00e9cnica cuentan con 17 carreras t\u00e9cnicos profesionales, y dos planes de continuidad en las \u00e1reas de Servicio Social e Ingenier\u00eda, mientras que la Universidad ofrecer\u00e1 3 planes de continuidad de estudios: Ingenier\u00eda Civil Industrial, Agronom\u00eda y Programa de Licenciatura de Trabajo Social. Para m\u00e1s detalles sobre las carreras, se invita a revisar el sitio web <a href=\"about:blank\">www.tupuedes.cl<\/a>.<\/p>\n","protected":false},"excerpt":{"rendered":"<p>En la Plaza de Armas de Osorno se desarroll\u00f3 una Feria t\u00e9cnico profesional con miras a lo que ser\u00e1 la Admisi\u00f3n 2022 de las Instituciones Santo Tom\u00e1s Osorno, que comienza el pr\u00f3ximo 13 de octubre. La iniciativa \u2013 en la que se desarrollaron ex\u00e1menes preventivos de salud y operativos de desparasitaci\u00f3n de mascotas- estuvo dirigida&#8230;<a class=\"btnReadMore\" href=\"https:\/\/www.semanariolocal.cl\/?p=2329\"> Leer M\u00e1s<\/a><\/p>\n","protected":false},"author":1,"featured_media":2330,"comment_status":"closed","ping_status":"closed","sticky":false,"template":"","format":"standard","meta":{"footnotes":""},"categories":[3,11],"tags":[],"class_list":["post-2329","post","type-post","status-publish","format-standard","has-post-thumbnail","hentry","category-al-dia","category-educacion"],"_links":{"self":[{"href":"https:\/\/www.semanariolocal.cl\/index.php?rest_route=\/wp\/v2\/posts\/2329","targetHints":{"allow":["GET"]}}],"collection":[{"href":"https:\/\/www.semanariolocal.cl\/index.php?rest_route=\/wp\/v2\/posts"}],"about":[{"href":"https:\/\/www.semanariolocal.cl\/index.php?rest_route=\/wp\/v2\/types\/post"}],"author":[{"embeddable":true,"href":"https:\/\/www.semanariolocal.cl\/index.php?rest_route=\/wp\/v2\/users\/1"}],"replies":[{"embeddable":true,"href":"https:\/\/www.semanariolocal.cl\/index.php?rest_route=%2Fwp%2Fv2%2Fcomments&post=2329"}],"version-history":[{"count":1,"href":"https:\/\/www.semanariolocal.cl\/index.php?rest_route=\/wp\/v2\/posts\/2329\/revisions"}],"predecessor-version":[{"id":2331,"href":"https:\/\/www.semanariolocal.cl\/index.php?rest_route=\/wp\/v2\/posts\/2329\/revisions\/2331"}],"wp:featuredmedia":[{"embeddable":true,"href":"https:\/\/www.semanariolocal.cl\/index.php?rest_route=\/wp\/v2\/media\/2330"}],"wp:attachment":[{"href":"https:\/\/www.semanariolocal.cl\/index.php?rest_route=%2Fwp%2Fv2%2Fmedia&parent=2329"}],"wp:term":[{"taxonomy":"category","embeddable":true,"href":"https:\/\/www.semanariolocal.cl\/index.php?rest_route=%2Fwp%2Fv2%2Fcategories&post=2329"},{"taxonomy":"post_tag","embeddable":true,"href":"https:\/\/www.semanariolocal.cl\/index.php?rest_route=%2Fwp%2Fv2%2Ftags&post=2329"}],"curies":[{"name":"wp","href":"https:\/\/api.w.org\/{rel}","templated":true}]}}