{"id":2317,"date":"2021-10-06T10:24:00","date_gmt":"2021-10-06T13:24:00","guid":{"rendered":"https:\/\/www.semanariolocal.cl\/?p=2317"},"modified":"2021-10-07T17:32:27","modified_gmt":"2021-10-07T20:32:27","slug":"reconversion-de-la-mujer-en-el-mundo-laboral","status":"publish","type":"post","link":"https:\/\/www.semanariolocal.cl\/?p=2317","title":{"rendered":"Reconversi\u00f3n de la mujer en el mundo laboral"},"content":{"rendered":"\n<p style=\"font-size:17px\">La pandemia ha develado una enorme desigualdad de g\u00e9nero en el \u00e1mbito laboral, comprobando, por ejemplo, que en esta \u201cnueva normalidad\u201d son m\u00e1s mujeres que hombres las que teletrabajan. La explicaci\u00f3n es simple y tiene que ver con corresponsabilidad.<\/p>\n\n\n\n<p style=\"font-size:17px\">Con el prop\u00f3sito de revertir esta situaci\u00f3n y conseguir mejores oportunidades, muchas han optado por la reconversi\u00f3n laboral. Sin ir m\u00e1s lejos, los \u00faltimos 2 a\u00f1os el 30% de los alumnos que se han capacitado en nuestras aulas son mujeres, haci\u00e9ndolo en desarrollo web, un \u00e1rea se perfila como una de las mejor remuneradas durante los pr\u00f3ximos 10 a\u00f1os.<\/p>\n\n\n\n<p style=\"font-size:17px\">Pero no basta solo empuje y convicci\u00f3n. Mientras existan las actuales brechas salariales y un desequilibrio en la responsabilidad de los deberes familiares, persistir\u00e1 la desigualdad de oportunidades. Esto es algo que Chile, un pa\u00eds donde seg\u00fan el INE m\u00e1s del 42% de los hogares tiene como jefa de hogar a una mujer, no se puede permitir. &nbsp;<\/p>\n\n\n\n<p style=\"font-size:17px\">Por ello, debemos ser capaces de encontrar mejores oportunidades laborales utilizando todas las herramientas que nos ofrecen la educaci\u00f3n continua y la capacitaci\u00f3n. Solo as\u00ed podremos equiparar la cancha y alcanzar el anhelado desarrollo profesional.<\/p>\n\n\n\n<p style=\"font-size:17px\"><em>Cynthia Rodr\u00edguez, Gerenta de Marketing de Edutecno<\/em><\/p>\n","protected":false},"excerpt":{"rendered":"<p>La pandemia ha develado una enorme desigualdad de g\u00e9nero en el \u00e1mbito laboral, comprobando, por ejemplo, que en esta \u201cnueva normalidad\u201d son m\u00e1s mujeres que hombres las que teletrabajan. La explicaci\u00f3n es simple y tiene que ver con corresponsabilidad. Con el prop\u00f3sito de revertir esta situaci\u00f3n y conseguir mejores oportunidades, muchas han optado por la&#8230;<a class=\"btnReadMore\" href=\"https:\/\/www.semanariolocal.cl\/?p=2317\"> Leer M\u00e1s<\/a><\/p>\n","protected":false},"author":1,"featured_media":2318,"comment_status":"closed","ping_status":"closed","sticky":false,"template":"","format":"standard","meta":{"footnotes":""},"categories":[7],"tags":[],"class_list":["post-2317","post","type-post","status-publish","format-standard","has-post-thumbnail","hentry","category-opinion"],"_links":{"self":[{"href":"https:\/\/www.semanariolocal.cl\/index.php?rest_route=\/wp\/v2\/posts\/2317","targetHints":{"allow":["GET"]}}],"collection":[{"href":"https:\/\/www.semanariolocal.cl\/index.php?rest_route=\/wp\/v2\/posts"}],"about":[{"href":"https:\/\/www.semanariolocal.cl\/index.php?rest_route=\/wp\/v2\/types\/post"}],"author":[{"embeddable":true,"href":"https:\/\/www.semanariolocal.cl\/index.php?rest_route=\/wp\/v2\/users\/1"}],"replies":[{"embeddable":true,"href":"https:\/\/www.semanariolocal.cl\/index.php?rest_route=%2Fwp%2Fv2%2Fcomments&post=2317"}],"version-history":[{"count":1,"href":"https:\/\/www.semanariolocal.cl\/index.php?rest_route=\/wp\/v2\/posts\/2317\/revisions"}],"predecessor-version":[{"id":2319,"href":"https:\/\/www.semanariolocal.cl\/index.php?rest_route=\/wp\/v2\/posts\/2317\/revisions\/2319"}],"wp:featuredmedia":[{"embeddable":true,"href":"https:\/\/www.semanariolocal.cl\/index.php?rest_route=\/wp\/v2\/media\/2318"}],"wp:attachment":[{"href":"https:\/\/www.semanariolocal.cl\/index.php?rest_route=%2Fwp%2Fv2%2Fmedia&parent=2317"}],"wp:term":[{"taxonomy":"category","embeddable":true,"href":"https:\/\/www.semanariolocal.cl\/index.php?rest_route=%2Fwp%2Fv2%2Fcategories&post=2317"},{"taxonomy":"post_tag","embeddable":true,"href":"https:\/\/www.semanariolocal.cl\/index.php?rest_route=%2Fwp%2Fv2%2Ftags&post=2317"}],"curies":[{"name":"wp","href":"https:\/\/api.w.org\/{rel}","templated":true}]}}